{"id":175790,"date":"2025-08-30T18:04:31","date_gmt":"2025-08-30T23:04:31","guid":{"rendered":"https:\/\/www.buroperiodistico.com.mx\/?p=175790"},"modified":"2025-08-30T18:04:31","modified_gmt":"2025-08-30T23:04:31","slug":"celebrara-gobierno-municipal-215-aniversario-de-la-lucha-por-la-independencia-de-mexico","status":"publish","type":"post","link":"https:\/\/www.buroperiodistico.com.mx\/?p=175790","title":{"rendered":"Celebrar\u00e1 Gobierno Municipal 215 Aniversario de la Lucha por la Independencia de M\u00e9xico"},"content":{"rendered":"<p><em><strong><img loading=\"lazy\" decoding=\"async\" class=\"size-full wp-image-175791 alignright\" src=\"https:\/\/www.buroperiodistico.com.mx\/wp-content\/uploads\/2025\/08\/Aniverxa-I.jpeg\" alt=\"\" width=\"480\" height=\"593\" srcset=\"https:\/\/www.buroperiodistico.com.mx\/wp-content\/uploads\/2025\/08\/Aniverxa-I.jpeg 480w, https:\/\/www.buroperiodistico.com.mx\/wp-content\/uploads\/2025\/08\/Aniverxa-I-243x300.jpeg 243w\" sizes=\"auto, (max-width: 480px) 100vw, 480px\" \/>Reynosa, Tam (30-Agosto-2025).-<\/strong><\/em> El Presidente Municipal, Carlos Pe\u00f1a Ortiz, invita a las familias de Reynosa, la regi\u00f3n y del Valle del Sur de Texas a la gran celebraci\u00f3n del 215 Aniversario del Inicio de la Lucha por la Independencia de M\u00e9xico, el pr\u00f3ximo 15 de septiembre a partir de las 6:00 de la tarde en la plaza principal Miguel Hidalgo, donde podr\u00e1n disfrutar la m\u00fasica de la banda Los Recoditos.<\/p>\n<p>Disfruta esta celebraci\u00f3n de ser mexicano y convive con tu familia en la fiesta que organiza el Gobierno Municipal de Reynosa, con la participaci\u00f3n de artistas del IRCA y un gran espect\u00e1culo de fuegos artificiales que deleitar\u00e1n la vista de ni\u00f1os y adultos, no te la pierdas.<\/p>\n<p>#ReynosaImparable<br \/>\n#GobiernoMunicipalDeReynosa<\/p>\n","protected":false},"excerpt":{"rendered":"<p>Reynosa, Tam (30-Agosto-2025).- El Presidente Municipal, Carlos Pe\u00f1a Ortiz, invita a las familias de Reynosa,&#8230;<\/p>\n","protected":false},"author":1,"featured_media":175792,"comment_status":"closed","ping_status":"closed","sticky":false,"template":"","format":"standard","meta":{"footnotes":"","jetpack_publicize_message":"","jetpack_publicize_feature_enabled":true,"jetpack_social_post_already_shared":true,"jetpack_social_options":{"image_generator_settings":{"template":"highway","default_image_id":0,"font":"","enabled":false},"version":2}},"categories":[9],"tags":[],"class_list":["post-175790","post","type-post","status-publish","format-standard","has-post-thumbnail","hentry","category-reynosa"],"jetpack_publicize_connections":[],"_links":{"self":[{"href":"https:\/\/www.buroperiodistico.com.mx\/index.php?rest_route=\/wp\/v2\/posts\/175790","targetHints":{"allow":["GET"]}}],"collection":[{"href":"https:\/\/www.buroperiodistico.com.mx\/index.php?rest_route=\/wp\/v2\/posts"}],"about":[{"href":"https:\/\/www.buroperiodistico.com.mx\/index.php?rest_route=\/wp\/v2\/types\/post"}],"author":[{"embeddable":true,"href":"https:\/\/www.buroperiodistico.com.mx\/index.php?rest_route=\/wp\/v2\/users\/1"}],"replies":[{"embeddable":true,"href":"https:\/\/www.buroperiodistico.com.mx\/index.php?rest_route=%2Fwp%2Fv2%2Fcomments&post=175790"}],"version-history":[{"count":0,"href":"https:\/\/www.buroperiodistico.com.mx\/index.php?rest_route=\/wp\/v2\/posts\/175790\/revisions"}],"wp:featuredmedia":[{"embeddable":true,"href":"https:\/\/www.buroperiodistico.com.mx\/index.php?rest_route=\/wp\/v2\/media\/175792"}],"wp:attachment":[{"href":"https:\/\/www.buroperiodistico.com.mx\/index.php?rest_route=%2Fwp%2Fv2%2Fmedia&parent=175790"}],"wp:term":[{"taxonomy":"category","embeddable":true,"href":"https:\/\/www.buroperiodistico.com.mx\/index.php?rest_route=%2Fwp%2Fv2%2Fcategories&post=175790"},{"taxonomy":"post_tag","embeddable":true,"href":"https:\/\/www.buroperiodistico.com.mx\/index.php?rest_route=%2Fwp%2Fv2%2Ftags&post=175790"}],"curies":[{"name":"wp","href":"https:\/\/api.w.org\/{rel}","templated":true}]}}