{"id":172663,"date":"2025-08-12T17:07:30","date_gmt":"2025-08-12T22:07:30","guid":{"rendered":"https:\/\/www.buroperiodistico.com.mx\/?p=172663"},"modified":"2025-08-12T17:07:30","modified_gmt":"2025-08-12T22:07:30","slug":"acerca-gobierno-de-carlos-pena-ortiz-a-ninos-y-jovenes-al-mundo-de-la-pintura","status":"publish","type":"post","link":"https:\/\/www.buroperiodistico.com.mx\/?p=172663","title":{"rendered":"Acerca Gobierno de Carlos Pe\u00f1a Ortiz a ni\u00f1os y j\u00f3venes al mundo de la Pintura"},"content":{"rendered":"<p><em><strong><img loading=\"lazy\" decoding=\"async\" class=\" wp-image-172667 alignright\" src=\"https:\/\/www.buroperiodistico.com.mx\/wp-content\/uploads\/2025\/08\/Pintux.jpeg\" alt=\"\" width=\"599\" height=\"397\" srcset=\"https:\/\/www.buroperiodistico.com.mx\/wp-content\/uploads\/2025\/08\/Pintux.jpeg 1024w, https:\/\/www.buroperiodistico.com.mx\/wp-content\/uploads\/2025\/08\/Pintux-300x199.jpeg 300w, https:\/\/www.buroperiodistico.com.mx\/wp-content\/uploads\/2025\/08\/Pintux-768x509.jpeg 768w\" sizes=\"auto, (max-width: 599px) 100vw, 599px\" \/>Reynosa, Tam (12-Agosto-2025).-<\/strong><\/em> El Gobierno que preside el Alcalde Carlos Pe\u00f1a Ortiz, refrenda su compromiso con el crecimiento cultural y art\u00edstico de ni\u00f1os y j\u00f3venes mediante el Curso de Verano 2025, organizado por el Instituto Reynosense para la Cultura y las Artes, IRCA, que en su s\u00e9ptimo d\u00eda de actividades contin\u00faa acerc\u00e1ndolos a las Bellas Artes.<\/p>\n<p>Una disciplina que ha despertado el inter\u00e9s de los participantes es la Pintura, a cargo del Maestro Pedro David P\u00e9rez Rodr\u00edguez, quien ha abordado los ecos de la televisi\u00f3n anal\u00f3gica y los destellos de ne\u00f3n que definieron el Jap\u00f3n urbano de los a\u00f1os 80 y 90 inspirada en la \u00e9poca Tokyo TV.<\/p>\n<p>\u00abCada pieza es un canal distinto: desde esculturas que imitan formas voluminosas de antiguos televisores, hasta ilustraciones que recrean colores saturados y marcos gr\u00e1ficos de la programaci\u00f3n japonesa\u00bb, expresa el Maestro P\u00e9rez Rodr\u00edguez.<\/p>\n<p>Esta experiencia, dijo, no solo es un homenaje a una \u00e9poca ic\u00f3nica, sino una invitaci\u00f3n a ni\u00f1os y j\u00f3venes a sintonizar su energ\u00eda y capacidad para convertir recuerdos en experiencias propias en este espacio que el IRCA y Municipio ofrecen.<\/p>\n<p>#ReynosaImparable #Reynosa #Tamaulipas<\/p>\n<p><img loading=\"lazy\" decoding=\"async\" class=\"aligncenter size-full wp-image-172664\" src=\"https:\/\/www.buroperiodistico.com.mx\/wp-content\/uploads\/2025\/08\/Pintux-I.jpeg\" alt=\"\" width=\"640\" height=\"432\" srcset=\"https:\/\/www.buroperiodistico.com.mx\/wp-content\/uploads\/2025\/08\/Pintux-I.jpeg 640w, https:\/\/www.buroperiodistico.com.mx\/wp-content\/uploads\/2025\/08\/Pintux-I-300x203.jpeg 300w\" sizes=\"auto, (max-width: 640px) 100vw, 640px\" \/> <img loading=\"lazy\" decoding=\"async\" class=\"aligncenter size-full wp-image-172666\" src=\"https:\/\/www.buroperiodistico.com.mx\/wp-content\/uploads\/2025\/08\/Pintux-III.jpeg\" alt=\"\" width=\"640\" height=\"426\" srcset=\"https:\/\/www.buroperiodistico.com.mx\/wp-content\/uploads\/2025\/08\/Pintux-III.jpeg 640w, https:\/\/www.buroperiodistico.com.mx\/wp-content\/uploads\/2025\/08\/Pintux-III-300x200.jpeg 300w\" sizes=\"auto, (max-width: 640px) 100vw, 640px\" \/> <img loading=\"lazy\" decoding=\"async\" class=\"aligncenter size-full wp-image-172665\" src=\"https:\/\/www.buroperiodistico.com.mx\/wp-content\/uploads\/2025\/08\/Pintux-II.jpeg\" alt=\"\" width=\"640\" height=\"426\" srcset=\"https:\/\/www.buroperiodistico.com.mx\/wp-content\/uploads\/2025\/08\/Pintux-II.jpeg 640w, https:\/\/www.buroperiodistico.com.mx\/wp-content\/uploads\/2025\/08\/Pintux-II-300x200.jpeg 300w\" sizes=\"auto, (max-width: 640px) 100vw, 640px\" \/><\/p>\n","protected":false},"excerpt":{"rendered":"<p>Reynosa, Tam (12-Agosto-2025).- El Gobierno que preside el Alcalde Carlos Pe\u00f1a Ortiz, refrenda su compromiso&#8230;<\/p>\n","protected":false},"author":1,"featured_media":172667,"comment_status":"closed","ping_status":"closed","sticky":false,"template":"","format":"standard","meta":{"footnotes":"","jetpack_publicize_message":"","jetpack_publicize_feature_enabled":true,"jetpack_social_post_already_shared":true,"jetpack_social_options":{"image_generator_settings":{"template":"highway","default_image_id":0,"font":"","enabled":false},"version":2}},"categories":[9],"tags":[],"class_list":["post-172663","post","type-post","status-publish","format-standard","has-post-thumbnail","hentry","category-reynosa"],"jetpack_publicize_connections":[],"_links":{"self":[{"href":"https:\/\/www.buroperiodistico.com.mx\/index.php?rest_route=\/wp\/v2\/posts\/172663","targetHints":{"allow":["GET"]}}],"collection":[{"href":"https:\/\/www.buroperiodistico.com.mx\/index.php?rest_route=\/wp\/v2\/posts"}],"about":[{"href":"https:\/\/www.buroperiodistico.com.mx\/index.php?rest_route=\/wp\/v2\/types\/post"}],"author":[{"embeddable":true,"href":"https:\/\/www.buroperiodistico.com.mx\/index.php?rest_route=\/wp\/v2\/users\/1"}],"replies":[{"embeddable":true,"href":"https:\/\/www.buroperiodistico.com.mx\/index.php?rest_route=%2Fwp%2Fv2%2Fcomments&post=172663"}],"version-history":[{"count":0,"href":"https:\/\/www.buroperiodistico.com.mx\/index.php?rest_route=\/wp\/v2\/posts\/172663\/revisions"}],"wp:featuredmedia":[{"embeddable":true,"href":"https:\/\/www.buroperiodistico.com.mx\/index.php?rest_route=\/wp\/v2\/media\/172667"}],"wp:attachment":[{"href":"https:\/\/www.buroperiodistico.com.mx\/index.php?rest_route=%2Fwp%2Fv2%2Fmedia&parent=172663"}],"wp:term":[{"taxonomy":"category","embeddable":true,"href":"https:\/\/www.buroperiodistico.com.mx\/index.php?rest_route=%2Fwp%2Fv2%2Fcategories&post=172663"},{"taxonomy":"post_tag","embeddable":true,"href":"https:\/\/www.buroperiodistico.com.mx\/index.php?rest_route=%2Fwp%2Fv2%2Ftags&post=172663"}],"curies":[{"name":"wp","href":"https:\/\/api.w.org\/{rel}","templated":true}]}}