{"id":172650,"date":"2025-08-12T16:33:47","date_gmt":"2025-08-12T21:33:47","guid":{"rendered":"https:\/\/www.buroperiodistico.com.mx\/?p=172650"},"modified":"2025-08-12T16:33:47","modified_gmt":"2025-08-12T21:33:47","slug":"en-riesgo-agua-de-uso-industrial-agricola-y-ganadero-comapa","status":"publish","type":"post","link":"https:\/\/www.buroperiodistico.com.mx\/?p=172650","title":{"rendered":"EN RIESGO AGUA DE USO INDUSTRIAL, AGRICOLA Y GANADERO: COMAPA"},"content":{"rendered":"<p><em><strong><img loading=\"lazy\" decoding=\"async\" class=\" wp-image-172652 alignright\" src=\"https:\/\/www.buroperiodistico.com.mx\/wp-content\/uploads\/2025\/08\/INMUX.jpeg\" alt=\"\" width=\"533\" height=\"334\" srcset=\"https:\/\/www.buroperiodistico.com.mx\/wp-content\/uploads\/2025\/08\/INMUX.jpeg 1024w, https:\/\/www.buroperiodistico.com.mx\/wp-content\/uploads\/2025\/08\/INMUX-300x188.jpeg 300w, https:\/\/www.buroperiodistico.com.mx\/wp-content\/uploads\/2025\/08\/INMUX-768x482.jpeg 768w\" sizes=\"auto, (max-width: 533px) 100vw, 533px\" \/>Por: Citlali Blanco<\/strong><\/em><\/p>\n<p><em><strong>REYNOSA, TAM (Agosto 11, de 2025).-<\/strong> <\/em>El \u00fanico riesgo de desabasto de agua en la frontera de Tamaulipas es para los usos agr\u00edcolas e industriales, no para el consumo humano, explic\u00f3 Honorio Cort\u00e1zar, secretario t\u00e9cnico de la Comisi\u00f3n Municipal de Agua Potable y Alcantarillado (Comapa)<br \/>\nde Reynosa.<\/p>\n<p>\u201cEl consuno humano est\u00e1 garantizado, es prioritario, los que est\u00e1n en riesgo es definitivamente los riegos agr\u00edcolas, para la ganader\u00eda, para la industria, es decir, son los que est\u00e1n en un riesgo mayor\u201d, apunt\u00f3.<\/p>\n<p>En rueda de prensa para precisar informes de Conagua sobre el abasto de agua en las ciudades fronterizas, Cort\u00e1zar y el gerente general de Comapa, Felipe de Jes\u00fas Chiw Vega, manifestaron que est\u00e1 garantizado el abasto de agua a los ciudadanos de Reynosa.<\/p>\n<p>Cort\u00e1zar refiri\u00f3 a los comunicados en apariencia contradictorios de la Comisi\u00f3n Nacional del Agua y de la Secretar\u00eda de Recursos Hidr\u00e1ulicos.<\/p>\n<p>\u201cAmbos tienen la raz\u00f3n, la Conagua nos dice que el nivel est\u00e1 bajo, pero aun as\u00ed nos dice que est\u00e1 garantizado el agua para consumo humano, es primordial, prioritario, es decir, toda el agua de las presas se puede dedicar al consumo humano en un momento dado\u201d,<br \/>\nenfatiz\u00f3 Cort\u00e1zar.<\/p>\n<p>Remarc\u00f3 que hay mucha coordinaci\u00f3n entre la Comapa y la Conagua precisamente para evitar que nunca haya desabasto en el consumo humano<\/p>\n<p>\u201cEl agua es poca, pero hay suficiente para este a\u00f1o, pero definitivamente necesitamos de la naturaleza para que se vuelvan a recargar nuestras presas, en eso tiene mucha raz\u00f3n la Conagua, y de que ellos est\u00e1n administrando el agua correctamente as\u00ed es\u201d, explic\u00f3.<\/p>\n<p>Chiw Vega intervino para aclarar que el hecho de que las preas internacionales La Amistad de Coahuila y la Falc\u00f3n de Nueva Ciudad Guerrero, Tamaulipas est\u00e9n con bajos niveles no significa que est\u00e9 en riesgo el abasto humano.<\/p>\n<p>\u201cLas presas Amistad y Falc\u00f3n tienen el diez y doce por ciento de almacenamiento, eso es suficiente para el uso p\u00fablico urbano\u201d, argument\u00f3.<\/p>\n<p>El gerente general del organismo operador de agua potable de Reynosa record\u00f3 que la ciudad consume alrededor de 1 mil 800 litros por segundo y sigue recibi\u00e9ndolo.<\/p>\n<p>\u201cLo importante es c\u00f3mo nos llega a nosotros a la presa Anzalduas, se tarda en llegar cuatro d\u00edas de la Falcon a la Anzalduas, all\u00ed es donde nos desfasa a veces\u201d, dijo.<\/p>\n<p>Chiw detall\u00f3 que la Conagua enfrenta una fuga en una compuerta de la represa Anzald\u00faas, y por ello el abasto a la ciudad es menor ahorita, pero ya trabajan en reparar esa falla.<\/p>\n<p>\u201cEn la fuga de esa compuerta se nos va el 20 a 25 por ciento del abasto\u201d, detall\u00f3 al justificar que a veces no llega el agua a las colonias de la periferia.<\/p>\n<p>\u201cEs problema t\u00e9cnico y estamos por resolverlo. El agua que tenemos estamos distribuy\u00e9ndola, hay sectores que fallan, pero enviamos pipas, esta semana ya se va a arreglar la compuerta\u201d, afirm\u00f3.<\/p>\n<p>Jos\u00e9 Guadalupe Cant\u00fa Viera, gerente t\u00e9cnico de Comapa, explic\u00f3 que en Reynosa ya se abrieron los primeros cinco pozos profundos para sacar agua del subsuelo y abastecer al mismo n\u00famero de colonias.<\/p>\n<p>Puntualiz\u00f3 que ya est\u00e1n extrayendo un promedio de 15 a 20 litros por segundo en cada uno de los pozos reactivados.<\/p>\n<p><img loading=\"lazy\" decoding=\"async\" class=\"aligncenter size-full wp-image-172651\" src=\"https:\/\/www.buroperiodistico.com.mx\/wp-content\/uploads\/2025\/08\/INMUX-I.jpeg\" alt=\"\" width=\"640\" height=\"480\" srcset=\"https:\/\/www.buroperiodistico.com.mx\/wp-content\/uploads\/2025\/08\/INMUX-I.jpeg 640w, https:\/\/www.buroperiodistico.com.mx\/wp-content\/uploads\/2025\/08\/INMUX-I-300x225.jpeg 300w\" sizes=\"auto, (max-width: 640px) 100vw, 640px\" \/><\/p>\n","protected":false},"excerpt":{"rendered":"<p>Por: Citlali Blanco REYNOSA, TAM (Agosto 11, de 2025).- El \u00fanico riesgo de desabasto de&#8230;<\/p>\n","protected":false},"author":1,"featured_media":172652,"comment_status":"closed","ping_status":"closed","sticky":false,"template":"","format":"standard","meta":{"footnotes":"","jetpack_publicize_message":"","jetpack_publicize_feature_enabled":true,"jetpack_social_post_already_shared":true,"jetpack_social_options":{"image_generator_settings":{"template":"highway","default_image_id":0,"font":"","enabled":false},"version":2}},"categories":[25,9],"tags":[],"class_list":["post-172650","post","type-post","status-publish","format-standard","has-post-thumbnail","hentry","category-portada","category-reynosa"],"jetpack_publicize_connections":[],"_links":{"self":[{"href":"https:\/\/www.buroperiodistico.com.mx\/index.php?rest_route=\/wp\/v2\/posts\/172650","targetHints":{"allow":["GET"]}}],"collection":[{"href":"https:\/\/www.buroperiodistico.com.mx\/index.php?rest_route=\/wp\/v2\/posts"}],"about":[{"href":"https:\/\/www.buroperiodistico.com.mx\/index.php?rest_route=\/wp\/v2\/types\/post"}],"author":[{"embeddable":true,"href":"https:\/\/www.buroperiodistico.com.mx\/index.php?rest_route=\/wp\/v2\/users\/1"}],"replies":[{"embeddable":true,"href":"https:\/\/www.buroperiodistico.com.mx\/index.php?rest_route=%2Fwp%2Fv2%2Fcomments&post=172650"}],"version-history":[{"count":0,"href":"https:\/\/www.buroperiodistico.com.mx\/index.php?rest_route=\/wp\/v2\/posts\/172650\/revisions"}],"wp:featuredmedia":[{"embeddable":true,"href":"https:\/\/www.buroperiodistico.com.mx\/index.php?rest_route=\/wp\/v2\/media\/172652"}],"wp:attachment":[{"href":"https:\/\/www.buroperiodistico.com.mx\/index.php?rest_route=%2Fwp%2Fv2%2Fmedia&parent=172650"}],"wp:term":[{"taxonomy":"category","embeddable":true,"href":"https:\/\/www.buroperiodistico.com.mx\/index.php?rest_route=%2Fwp%2Fv2%2Fcategories&post=172650"},{"taxonomy":"post_tag","embeddable":true,"href":"https:\/\/www.buroperiodistico.com.mx\/index.php?rest_route=%2Fwp%2Fv2%2Ftags&post=172650"}],"curies":[{"name":"wp","href":"https:\/\/api.w.org\/{rel}","templated":true}]}}