{"id":172644,"date":"2025-08-12T14:58:53","date_gmt":"2025-08-12T19:58:53","guid":{"rendered":"https:\/\/www.buroperiodistico.com.mx\/?p=172644"},"modified":"2025-08-12T14:58:53","modified_gmt":"2025-08-12T19:58:53","slug":"lanza-alcaldesa-carmen-lilia-canturosas-programa-pinta-tu-fachada-para-transformar-entornos-y-embellecer-nuevo-laredo","status":"publish","type":"post","link":"https:\/\/www.buroperiodistico.com.mx\/?p=172644","title":{"rendered":"LANZA ALCALDESA CARMEN LILIA CANTUROSAS PROGRAMA \u201cPINTA TU FACHADA\u201d PARA TRANSFORMAR ENTORNOS Y EMBELLECER NUEVO LAREDO"},"content":{"rendered":"<p dir=\"ltr\"><strong><em><img loading=\"lazy\" decoding=\"async\" class=\" wp-image-172648 alignright\" src=\"https:\/\/www.buroperiodistico.com.mx\/wp-content\/uploads\/2025\/08\/CLCR-PINTA-TU-FACHADA.jpg\" alt=\"\" width=\"499\" height=\"326\" srcset=\"https:\/\/www.buroperiodistico.com.mx\/wp-content\/uploads\/2025\/08\/CLCR-PINTA-TU-FACHADA.jpg 1024w, https:\/\/www.buroperiodistico.com.mx\/wp-content\/uploads\/2025\/08\/CLCR-PINTA-TU-FACHADA-300x196.jpg 300w, https:\/\/www.buroperiodistico.com.mx\/wp-content\/uploads\/2025\/08\/CLCR-PINTA-TU-FACHADA-768x502.jpg 768w\" sizes=\"auto, (max-width: 499px) 100vw, 499px\" \/>Nuevo Laredo, Tam (12-Agosto-2025).- <\/em><\/strong>La presidenta municipal Carmen Lilia Canturosas Villarreal dio el arranque oficial al programa \u201cPinta tu Fachada\u201d, una iniciativa del Instituto Municipal de Vivienda y Suelo Urbano (IMVISU) que busca transformar la imagen urbana, apoyar la econom\u00eda familiar y dar nueva vida a viviendas, negocios y espacios educativos de la ciudad.<\/p>\n<p dir=\"ltr\">Acompa\u00f1ada de vecinos, la alcaldesa encabez\u00f3 el inicio simb\u00f3lico en los edificios multifamiliares de la avenida Reforma, que despu\u00e9s de m\u00e1s de 60 a\u00f1os recibir\u00e1n color y mantenimiento para revitalizar su apariencia y dignidad. El proyecto tambi\u00e9n beneficiar\u00e1 a instituciones como el Tecnol\u00f3gico de Nuevo Laredo y la Universidad Tecnol\u00f3gica, as\u00ed como a negocios que ya se inscribieron.<\/p>\n<p dir=\"ltr\">\u00abEl programa \u2018Pinta tu Fachada\u2019 es un abrazo colectivo para transformar los espacios que compartimos; las casas donde crecen nuestros hijos, los negocios que sostienen a nuestras familias y las escuelas donde se forjan nuestros sue\u00f1os. Cada brochazo que demos ser\u00e1 un paso hacia una ciudad que nos inspire, que nos haga sonre\u00edr al caminarla y que demuestre al mundo que aqu\u00ed vivimos con dignidad.<\/p>\n<p dir=\"ltr\">\u201cDesde el IMVISU, nos hemos comprometido a acompa\u00f1arlos con materiales accesibles, presupuestos personalizados y facilidades para que nadie se quede atr\u00e1s, porque mejorar nuestra ciudad no es un gasto, es una inversi\u00f3n en calidad de vida, en autoestima y en el legado que dejaremos a las pr\u00f3ximas generaciones\u00bb, se\u00f1al\u00f3 Canturosas Villarreal.<\/p>\n<p dir=\"ltr\">Vecinos de los multifamiliares agradecieron que, despu\u00e9s de d\u00e9cadas sin recibir mantenimiento, este programa les devuelva color y vida a sus hogares.<\/p>\n<p dir=\"ltr\">\u201cEstamos muy agradecidos por tomarnos en cuenta para pintar la fachada de nuestros multifamiliares, yo he vivido aqu\u00ed m\u00e1s de 30 a\u00f1os y para mi y mis vecinos representa algo muy valioso esta nueva imagen que van a darle, al integrarnos al mejoramiento de la imagen urbana de la ciudad, nos motiva gratamente\u201d, dijo Mar\u00eda Margarita Salda\u00f1a, vecina del lugar.<\/p>\n<p dir=\"ltr\">El programa ofrece pintura, materiales y mano de obra a bajo costo para embellecer las fachadas. Los interesados pueden acudir a las oficinas del IMVISU, ubicadas en H\u00e9roe de Nacataz 2621, Sector Centro, o enviar un mensaje por WhatsApp al 867-463-0018 para agendar una visita y recibir asesor\u00eda.<\/p>\n<p dir=\"ltr\">El procedimiento incluye la medici\u00f3n de la fachada, elaboraci\u00f3n de un presupuesto personalizado y facilidades de pago, con la posibilidad de cubrirlo en parcialidades, para que nadie se quede atr\u00e1s en esta transformaci\u00f3n de Nuevo Laredo.<\/p>\n<p dir=\"ltr\">Durante la ceremonia, la alcaldesa estuvo acompa\u00f1ada de Carlos Montiel Saeb, director del IMVISU, integrantes del Cabildo y funcionarios municipales.<\/p>\n<p dir=\"ltr\"><img loading=\"lazy\" decoding=\"async\" class=\"aligncenter size-full wp-image-172645\" src=\"https:\/\/www.buroperiodistico.com.mx\/wp-content\/uploads\/2025\/08\/CLCR-PINTA-TU-FACHADA-I.jpg\" alt=\"\" width=\"640\" height=\"427\" srcset=\"https:\/\/www.buroperiodistico.com.mx\/wp-content\/uploads\/2025\/08\/CLCR-PINTA-TU-FACHADA-I.jpg 640w, https:\/\/www.buroperiodistico.com.mx\/wp-content\/uploads\/2025\/08\/CLCR-PINTA-TU-FACHADA-I-300x200.jpg 300w\" sizes=\"auto, (max-width: 640px) 100vw, 640px\" \/> <img loading=\"lazy\" decoding=\"async\" class=\"aligncenter size-full wp-image-172647\" src=\"https:\/\/www.buroperiodistico.com.mx\/wp-content\/uploads\/2025\/08\/CLCR-PINTA-TU-FACHADA-III.jpg\" alt=\"\" width=\"640\" height=\"428\" srcset=\"https:\/\/www.buroperiodistico.com.mx\/wp-content\/uploads\/2025\/08\/CLCR-PINTA-TU-FACHADA-III.jpg 640w, https:\/\/www.buroperiodistico.com.mx\/wp-content\/uploads\/2025\/08\/CLCR-PINTA-TU-FACHADA-III-300x201.jpg 300w\" sizes=\"auto, (max-width: 640px) 100vw, 640px\" \/> <img loading=\"lazy\" decoding=\"async\" class=\"aligncenter size-full wp-image-172646\" src=\"https:\/\/www.buroperiodistico.com.mx\/wp-content\/uploads\/2025\/08\/CLCR-PINTA-TU-FACHADA-II.jpg\" alt=\"\" width=\"640\" height=\"427\" srcset=\"https:\/\/www.buroperiodistico.com.mx\/wp-content\/uploads\/2025\/08\/CLCR-PINTA-TU-FACHADA-II.jpg 640w, https:\/\/www.buroperiodistico.com.mx\/wp-content\/uploads\/2025\/08\/CLCR-PINTA-TU-FACHADA-II-300x200.jpg 300w\" sizes=\"auto, (max-width: 640px) 100vw, 640px\" \/><\/p>\n","protected":false},"excerpt":{"rendered":"<p>Nuevo Laredo, Tam (12-Agosto-2025).- La presidenta municipal Carmen Lilia Canturosas Villarreal dio el arranque oficial&#8230;<\/p>\n","protected":false},"author":1,"featured_media":172648,"comment_status":"closed","ping_status":"closed","sticky":false,"template":"","format":"standard","meta":{"footnotes":"","jetpack_publicize_message":"","jetpack_publicize_feature_enabled":true,"jetpack_social_post_already_shared":true,"jetpack_social_options":{"image_generator_settings":{"template":"highway","default_image_id":0,"font":"","enabled":false},"version":2}},"categories":[16,25],"tags":[],"class_list":["post-172644","post","type-post","status-publish","format-standard","has-post-thumbnail","hentry","category-nuevolaredo","category-portada"],"jetpack_publicize_connections":[],"_links":{"self":[{"href":"https:\/\/www.buroperiodistico.com.mx\/index.php?rest_route=\/wp\/v2\/posts\/172644","targetHints":{"allow":["GET"]}}],"collection":[{"href":"https:\/\/www.buroperiodistico.com.mx\/index.php?rest_route=\/wp\/v2\/posts"}],"about":[{"href":"https:\/\/www.buroperiodistico.com.mx\/index.php?rest_route=\/wp\/v2\/types\/post"}],"author":[{"embeddable":true,"href":"https:\/\/www.buroperiodistico.com.mx\/index.php?rest_route=\/wp\/v2\/users\/1"}],"replies":[{"embeddable":true,"href":"https:\/\/www.buroperiodistico.com.mx\/index.php?rest_route=%2Fwp%2Fv2%2Fcomments&post=172644"}],"version-history":[{"count":0,"href":"https:\/\/www.buroperiodistico.com.mx\/index.php?rest_route=\/wp\/v2\/posts\/172644\/revisions"}],"wp:featuredmedia":[{"embeddable":true,"href":"https:\/\/www.buroperiodistico.com.mx\/index.php?rest_route=\/wp\/v2\/media\/172648"}],"wp:attachment":[{"href":"https:\/\/www.buroperiodistico.com.mx\/index.php?rest_route=%2Fwp%2Fv2%2Fmedia&parent=172644"}],"wp:term":[{"taxonomy":"category","embeddable":true,"href":"https:\/\/www.buroperiodistico.com.mx\/index.php?rest_route=%2Fwp%2Fv2%2Fcategories&post=172644"},{"taxonomy":"post_tag","embeddable":true,"href":"https:\/\/www.buroperiodistico.com.mx\/index.php?rest_route=%2Fwp%2Fv2%2Ftags&post=172644"}],"curies":[{"name":"wp","href":"https:\/\/api.w.org\/{rel}","templated":true}]}}