{"id":172639,"date":"2025-08-12T14:55:42","date_gmt":"2025-08-12T19:55:42","guid":{"rendered":"https:\/\/www.buroperiodistico.com.mx\/?p=172639"},"modified":"2025-08-12T14:55:42","modified_gmt":"2025-08-12T19:55:42","slug":"alcaldesa-carmen-lilia-canturosas-da-banderazo-a-nuevos-camiones-urbanos-para-reforzar-rutas-al-poniente-de-la-ciudad","status":"publish","type":"post","link":"https:\/\/www.buroperiodistico.com.mx\/?p=172639","title":{"rendered":"ALCALDESA CARMEN LILIA CANTUROSAS DA BANDERAZO A NUEVOS CAMIONES URBANOS PARA REFORZAR RUTAS AL PONIENTE DE LA CIUDAD"},"content":{"rendered":"<p dir=\"ltr\"><em><strong><img loading=\"lazy\" decoding=\"async\" class=\" wp-image-172642 alignright\" src=\"https:\/\/www.buroperiodistico.com.mx\/wp-content\/uploads\/2025\/08\/CLCR-BANDERAZO-RUTA.jpg\" alt=\"\" width=\"555\" height=\"337\" srcset=\"https:\/\/www.buroperiodistico.com.mx\/wp-content\/uploads\/2025\/08\/CLCR-BANDERAZO-RUTA.jpg 1024w, https:\/\/www.buroperiodistico.com.mx\/wp-content\/uploads\/2025\/08\/CLCR-BANDERAZO-RUTA-300x182.jpg 300w, https:\/\/www.buroperiodistico.com.mx\/wp-content\/uploads\/2025\/08\/CLCR-BANDERAZO-RUTA-768x467.jpg 768w\" sizes=\"auto, (max-width: 555px) 100vw, 555px\" \/>Nuevo Laredo, Tam (12-Agosto-2025).-<\/strong><\/em> La presidenta municipal, Carmen Lilia Canturosas Villarreal, dio el banderazo de salida a siete nuevos camiones urbanos que fortalecer\u00e1n el servicio de transporte p\u00fablico en la Ruta Express y a rutas comunes que dan servicio al poniente de la ciudad, con el objetivo de ofrecer un servicio digno, eficiente y \u00e1gil a las familias neolaredenses.<\/p>\n<p dir=\"ltr\">Estas acciones forman parte del Convenio para la Modernizaci\u00f3n del Transporte Urbano, que impulsa el Gobierno Municipal de la mano con los concesionarios de camiones urbanos, para que los ciudadanos cuenten con un servicio digno.<\/p>\n<p dir=\"ltr\">\u201cHoy sumamos m\u00e1s unidades que mejorar\u00e1n la movilidad y la calidad de vida de nuestra gente. Este es un compromiso firme de mi gobierno con el apoyo del gobernador Am\u00e9rico Villarreal, para ofrecer un transporte p\u00fablico digno, seguro y accesible para todos\u201d, destac\u00f3 la alcaldesa.<\/p>\n<p dir=\"ltr\">El arranque oficial cont\u00f3 con la presencia del delegado de transporte p\u00fablico, Gilberto Mart\u00ednez Arcega, integrantes del Cabildo y concesionarios del transporte, quienes junto a la presidenta abordaron una de las nuevas unidades para realizar un recorrido por la ruta.<\/p>\n<p dir=\"ltr\">La \u201cRuta Express\u201d inici\u00f3 operaciones el 4 de agosto con dos rutas que conectan de forma directa las colonias Villas de San Miguel y Valles de An\u00e1huac con el Centro de la ciudad, y en su primera semana ha recibido una respuesta positiva de los usuarios.<\/p>\n<p dir=\"ltr\">Canturosas Villarreal adelant\u00f3 que ya se realizan estudios para poner en marcha una nueva Ruta Express al sur de la ciudad, que dar\u00e1 servicio a los sectores de los kil\u00f3metros.<\/p>\n<p dir=\"ltr\"><img loading=\"lazy\" decoding=\"async\" class=\"aligncenter size-full wp-image-172640\" src=\"https:\/\/www.buroperiodistico.com.mx\/wp-content\/uploads\/2025\/08\/CLCR-BANDERAZO-RUTA-I.jpg\" alt=\"\" width=\"640\" height=\"427\" srcset=\"https:\/\/www.buroperiodistico.com.mx\/wp-content\/uploads\/2025\/08\/CLCR-BANDERAZO-RUTA-I.jpg 640w, https:\/\/www.buroperiodistico.com.mx\/wp-content\/uploads\/2025\/08\/CLCR-BANDERAZO-RUTA-I-300x200.jpg 300w\" sizes=\"auto, (max-width: 640px) 100vw, 640px\" \/> <img loading=\"lazy\" decoding=\"async\" class=\"aligncenter size-full wp-image-172641\" src=\"https:\/\/www.buroperiodistico.com.mx\/wp-content\/uploads\/2025\/08\/CLCR-BANDERAZO-RUTA-II.jpg\" alt=\"\" width=\"640\" height=\"427\" srcset=\"https:\/\/www.buroperiodistico.com.mx\/wp-content\/uploads\/2025\/08\/CLCR-BANDERAZO-RUTA-II.jpg 640w, https:\/\/www.buroperiodistico.com.mx\/wp-content\/uploads\/2025\/08\/CLCR-BANDERAZO-RUTA-II-300x200.jpg 300w\" sizes=\"auto, (max-width: 640px) 100vw, 640px\" \/><\/p>\n","protected":false},"excerpt":{"rendered":"<p>Nuevo Laredo, Tam (12-Agosto-2025).- La presidenta municipal, Carmen Lilia Canturosas Villarreal, dio el banderazo de&#8230;<\/p>\n","protected":false},"author":1,"featured_media":172642,"comment_status":"closed","ping_status":"closed","sticky":false,"template":"","format":"standard","meta":{"footnotes":"","jetpack_publicize_message":"","jetpack_publicize_feature_enabled":true,"jetpack_social_post_already_shared":true,"jetpack_social_options":{"image_generator_settings":{"template":"highway","default_image_id":0,"font":"","enabled":false},"version":2}},"categories":[16],"tags":[],"class_list":["post-172639","post","type-post","status-publish","format-standard","has-post-thumbnail","hentry","category-nuevolaredo"],"jetpack_publicize_connections":[],"_links":{"self":[{"href":"https:\/\/www.buroperiodistico.com.mx\/index.php?rest_route=\/wp\/v2\/posts\/172639","targetHints":{"allow":["GET"]}}],"collection":[{"href":"https:\/\/www.buroperiodistico.com.mx\/index.php?rest_route=\/wp\/v2\/posts"}],"about":[{"href":"https:\/\/www.buroperiodistico.com.mx\/index.php?rest_route=\/wp\/v2\/types\/post"}],"author":[{"embeddable":true,"href":"https:\/\/www.buroperiodistico.com.mx\/index.php?rest_route=\/wp\/v2\/users\/1"}],"replies":[{"embeddable":true,"href":"https:\/\/www.buroperiodistico.com.mx\/index.php?rest_route=%2Fwp%2Fv2%2Fcomments&post=172639"}],"version-history":[{"count":0,"href":"https:\/\/www.buroperiodistico.com.mx\/index.php?rest_route=\/wp\/v2\/posts\/172639\/revisions"}],"wp:featuredmedia":[{"embeddable":true,"href":"https:\/\/www.buroperiodistico.com.mx\/index.php?rest_route=\/wp\/v2\/media\/172642"}],"wp:attachment":[{"href":"https:\/\/www.buroperiodistico.com.mx\/index.php?rest_route=%2Fwp%2Fv2%2Fmedia&parent=172639"}],"wp:term":[{"taxonomy":"category","embeddable":true,"href":"https:\/\/www.buroperiodistico.com.mx\/index.php?rest_route=%2Fwp%2Fv2%2Fcategories&post=172639"},{"taxonomy":"post_tag","embeddable":true,"href":"https:\/\/www.buroperiodistico.com.mx\/index.php?rest_route=%2Fwp%2Fv2%2Ftags&post=172639"}],"curies":[{"name":"wp","href":"https:\/\/api.w.org\/{rel}","templated":true}]}}