{"id":172635,"date":"2025-08-12T14:52:50","date_gmt":"2025-08-12T19:52:50","guid":{"rendered":"https:\/\/www.buroperiodistico.com.mx\/?p=172635"},"modified":"2025-08-12T14:52:50","modified_gmt":"2025-08-12T19:52:50","slug":"mujeres-jovenes-y-adultos-culminan-curso-de-computacion-en-la-infoteca","status":"publish","type":"post","link":"https:\/\/www.buroperiodistico.com.mx\/?p=172635","title":{"rendered":"MUJERES, J\u00d3VENES Y ADULTOS CULMINAN CURSO DE COMPUTACI\u00d3N EN LA INFOTECA\u00a0"},"content":{"rendered":"<p dir=\"ltr\"><strong><em><img loading=\"lazy\" decoding=\"async\" class=\" wp-image-172637 alignright\" src=\"https:\/\/www.buroperiodistico.com.mx\/wp-content\/uploads\/2025\/08\/CURSO-COMPUTACION.jpeg\" alt=\"\" width=\"494\" height=\"313\" srcset=\"https:\/\/www.buroperiodistico.com.mx\/wp-content\/uploads\/2025\/08\/CURSO-COMPUTACION.jpeg 1024w, https:\/\/www.buroperiodistico.com.mx\/wp-content\/uploads\/2025\/08\/CURSO-COMPUTACION-300x190.jpeg 300w, https:\/\/www.buroperiodistico.com.mx\/wp-content\/uploads\/2025\/08\/CURSO-COMPUTACION-768x487.jpeg 768w\" sizes=\"auto, (max-width: 494px) 100vw, 494px\" \/>Nuevo Laredo, Tam (12-Agosto-2025).- <\/em><\/strong>Despu\u00e9s de un mes 28 mujeres, un adolescente y un adulto mayor concluyeron un curso intensivo de computaci\u00f3n impartido a trav\u00e9s del\u00a0 Gobierno de Nuevo Laredo en la Infoteca \u00abSor Juana In\u00e9s de la Cruz\u00bb.<\/p>\n<p dir=\"ltr\">Las clases iniciaron el 8 de julio y concluyeron el 8 de agosto, actividad en la cual aprendieron a crear un correo electr\u00f3nico, el uso de la paqueter\u00eda Office y a navegar en la Internet, entre otros temas.<\/p>\n<p dir=\"ltr\">La Presidenta Municipal, Carmen Lilia Canturosas Villarreal, hizo acto de presencia durante el cierre del taller y felicit\u00f3 a los participantes por su desempe\u00f1o.<\/p>\n<p dir=\"ltr\">\u00abEs un orgullo saber que han desarrollado un amplio conocimiento en computaci\u00f3n, una herramienta de mucha utilidad actualmente y s\u00e9 que les servir\u00e1 para su desempe\u00f1o laboral, en la tareas con sus hijos o en su desarrollo educativo para aquellos que est\u00e1n estudiando\u00bb, expres\u00f3.<\/p>\n<p dir=\"ltr\">Los inscritos agradecieron a la primera autoridad la realizaci\u00f3n de este tipo de programas destinados a la comunidad en general, pero principalmente el tomar en cuenta a las mujeres, tanto estudiantes como madres solteras y adultas mayores, ya que les permite abrirse nuevos horizontes en el campo laboral y en otras \u00e1reas de la vida cotidiana.<\/p>\n<p dir=\"ltr\">Desde j\u00f3venes de 14 a\u00f1os de edad hasta adultos mayores de 65 a\u00f1os fueron parte de esta capacitaci\u00f3n, la cual es la segunda que se lleva a cabo con gran \u00e9xito, pues los asistentes proven\u00edan de colonias como \u00abFrancisco Villa\u00bb, \u00ab20 de Noviembre\u00bb, \u00abNueva Era\u00bb, \u00abLa Fe\u00bb y \u00abAm\u00e9rico Villarreal\u00bb, entre otras.<\/p>\n<p dir=\"ltr\">Durante el cierre del curso y la entrega de reconocimientos estuvieron presentes Marcos Rodr\u00edguez Leija, Coordinador de Bibliotecas y Adolfo Mondrag\u00f3n Mass, jefe de la Infoteca \u00abSor Juana In\u00e9s de la Cruz\u00bb; adem\u00e1s de Aar\u00f3n C\u00e1rdenas, coordinador del curso.<\/p>\n<p dir=\"ltr\"><img loading=\"lazy\" decoding=\"async\" class=\"aligncenter size-full wp-image-172636\" src=\"https:\/\/www.buroperiodistico.com.mx\/wp-content\/uploads\/2025\/08\/CURSO-COMPUTACION-I.jpeg\" alt=\"\" width=\"638\" height=\"480\" srcset=\"https:\/\/www.buroperiodistico.com.mx\/wp-content\/uploads\/2025\/08\/CURSO-COMPUTACION-I.jpeg 638w, https:\/\/www.buroperiodistico.com.mx\/wp-content\/uploads\/2025\/08\/CURSO-COMPUTACION-I-300x226.jpeg 300w\" sizes=\"auto, (max-width: 638px) 100vw, 638px\" \/><\/p>\n","protected":false},"excerpt":{"rendered":"<p>Nuevo Laredo, Tam (12-Agosto-2025).- Despu\u00e9s de un mes 28 mujeres, un adolescente y un adulto&#8230;<\/p>\n","protected":false},"author":1,"featured_media":172637,"comment_status":"closed","ping_status":"closed","sticky":false,"template":"","format":"standard","meta":{"footnotes":"","jetpack_publicize_message":"","jetpack_publicize_feature_enabled":true,"jetpack_social_post_already_shared":true,"jetpack_social_options":{"image_generator_settings":{"template":"highway","default_image_id":0,"font":"","enabled":false},"version":2}},"categories":[16],"tags":[],"class_list":["post-172635","post","type-post","status-publish","format-standard","has-post-thumbnail","hentry","category-nuevolaredo"],"jetpack_publicize_connections":[],"_links":{"self":[{"href":"https:\/\/www.buroperiodistico.com.mx\/index.php?rest_route=\/wp\/v2\/posts\/172635","targetHints":{"allow":["GET"]}}],"collection":[{"href":"https:\/\/www.buroperiodistico.com.mx\/index.php?rest_route=\/wp\/v2\/posts"}],"about":[{"href":"https:\/\/www.buroperiodistico.com.mx\/index.php?rest_route=\/wp\/v2\/types\/post"}],"author":[{"embeddable":true,"href":"https:\/\/www.buroperiodistico.com.mx\/index.php?rest_route=\/wp\/v2\/users\/1"}],"replies":[{"embeddable":true,"href":"https:\/\/www.buroperiodistico.com.mx\/index.php?rest_route=%2Fwp%2Fv2%2Fcomments&post=172635"}],"version-history":[{"count":0,"href":"https:\/\/www.buroperiodistico.com.mx\/index.php?rest_route=\/wp\/v2\/posts\/172635\/revisions"}],"wp:featuredmedia":[{"embeddable":true,"href":"https:\/\/www.buroperiodistico.com.mx\/index.php?rest_route=\/wp\/v2\/media\/172637"}],"wp:attachment":[{"href":"https:\/\/www.buroperiodistico.com.mx\/index.php?rest_route=%2Fwp%2Fv2%2Fmedia&parent=172635"}],"wp:term":[{"taxonomy":"category","embeddable":true,"href":"https:\/\/www.buroperiodistico.com.mx\/index.php?rest_route=%2Fwp%2Fv2%2Fcategories&post=172635"},{"taxonomy":"post_tag","embeddable":true,"href":"https:\/\/www.buroperiodistico.com.mx\/index.php?rest_route=%2Fwp%2Fv2%2Ftags&post=172635"}],"curies":[{"name":"wp","href":"https:\/\/api.w.org\/{rel}","templated":true}]}}