{"id":172631,"date":"2025-08-12T14:50:15","date_gmt":"2025-08-12T19:50:15","guid":{"rendered":"https:\/\/www.buroperiodistico.com.mx\/?p=172631"},"modified":"2025-08-12T14:50:15","modified_gmt":"2025-08-12T19:50:15","slug":"todo-listo-para-feria-del-empleo-2025-del-gobierno-municipal","status":"publish","type":"post","link":"https:\/\/www.buroperiodistico.com.mx\/?p=172631","title":{"rendered":"TODO LISTO PARA FERIA DEL EMPLEO 2025 DEL GOBIERNO MUNICIPAL\u00a0"},"content":{"rendered":"<p dir=\"ltr\"><em><strong><img loading=\"lazy\" decoding=\"async\" class=\" wp-image-172633 alignright\" src=\"https:\/\/www.buroperiodistico.com.mx\/wp-content\/uploads\/2025\/08\/FERIA-DEL-EMPLEO-1.jpg\" alt=\"\" width=\"543\" height=\"329\" srcset=\"https:\/\/www.buroperiodistico.com.mx\/wp-content\/uploads\/2025\/08\/FERIA-DEL-EMPLEO-1.jpg 1024w, https:\/\/www.buroperiodistico.com.mx\/wp-content\/uploads\/2025\/08\/FERIA-DEL-EMPLEO-1-300x182.jpg 300w, https:\/\/www.buroperiodistico.com.mx\/wp-content\/uploads\/2025\/08\/FERIA-DEL-EMPLEO-1-768x465.jpg 768w\" sizes=\"auto, (max-width: 543px) 100vw, 543px\" \/>Nuevo Laredo, Tam (12-Agosto-2025).-<\/strong><\/em> El Gobierno Municipal anunci\u00f3 que ya est\u00e1 todo listo para la Tercera Feria del Empleo 2025, en la que se ofrecer\u00e1n m\u00e1s de mil 500 vacantes en diversos sectores como maquiladoras, comercio, transporte y servicios. El evento busca impulsar la vinculaci\u00f3n laboral y fortalecer la econom\u00eda de las familias neolaredenses.<\/p>\n<p dir=\"ltr\">La jornada se realizar\u00e1 este mi\u00e9rcoles 13 de agosto, de 9:00 de la ma\u00f1ana a 2:00 de la tarde, en el Centro C\u00edvico Municipal, con la participaci\u00f3n de empresas locales que estar\u00e1n reclutando personal para perfiles operativos, administrativos y profesionales. Tambi\u00e9n se brindar\u00e1 asesor\u00eda a quienes buscan su primer empleo o desean reincorporarse al mercado laboral.<\/p>\n<p dir=\"ltr\">Organizada por la Direcci\u00f3n de Comercio, Empleo y PYMES, esta feria forma parte de un programa permanente que promueve oportunidades de trabajo en toda la ciudad.<\/p>\n<p dir=\"ltr\"><img loading=\"lazy\" decoding=\"async\" class=\"aligncenter size-full wp-image-172632\" src=\"https:\/\/www.buroperiodistico.com.mx\/wp-content\/uploads\/2025\/08\/FERIA-DEL-EMPLEO-I-1.jpg\" alt=\"\" width=\"640\" height=\"427\" srcset=\"https:\/\/www.buroperiodistico.com.mx\/wp-content\/uploads\/2025\/08\/FERIA-DEL-EMPLEO-I-1.jpg 640w, https:\/\/www.buroperiodistico.com.mx\/wp-content\/uploads\/2025\/08\/FERIA-DEL-EMPLEO-I-1-300x200.jpg 300w\" sizes=\"auto, (max-width: 640px) 100vw, 640px\" \/><\/p>\n","protected":false},"excerpt":{"rendered":"<p>Nuevo Laredo, Tam (12-Agosto-2025).- El Gobierno Municipal anunci\u00f3 que ya est\u00e1 todo listo para la&#8230;<\/p>\n","protected":false},"author":1,"featured_media":172633,"comment_status":"closed","ping_status":"closed","sticky":false,"template":"","format":"standard","meta":{"footnotes":"","jetpack_publicize_message":"","jetpack_publicize_feature_enabled":true,"jetpack_social_post_already_shared":true,"jetpack_social_options":{"image_generator_settings":{"template":"highway","default_image_id":0,"font":"","enabled":false},"version":2}},"categories":[16],"tags":[],"class_list":["post-172631","post","type-post","status-publish","format-standard","has-post-thumbnail","hentry","category-nuevolaredo"],"jetpack_publicize_connections":[],"_links":{"self":[{"href":"https:\/\/www.buroperiodistico.com.mx\/index.php?rest_route=\/wp\/v2\/posts\/172631","targetHints":{"allow":["GET"]}}],"collection":[{"href":"https:\/\/www.buroperiodistico.com.mx\/index.php?rest_route=\/wp\/v2\/posts"}],"about":[{"href":"https:\/\/www.buroperiodistico.com.mx\/index.php?rest_route=\/wp\/v2\/types\/post"}],"author":[{"embeddable":true,"href":"https:\/\/www.buroperiodistico.com.mx\/index.php?rest_route=\/wp\/v2\/users\/1"}],"replies":[{"embeddable":true,"href":"https:\/\/www.buroperiodistico.com.mx\/index.php?rest_route=%2Fwp%2Fv2%2Fcomments&post=172631"}],"version-history":[{"count":0,"href":"https:\/\/www.buroperiodistico.com.mx\/index.php?rest_route=\/wp\/v2\/posts\/172631\/revisions"}],"wp:featuredmedia":[{"embeddable":true,"href":"https:\/\/www.buroperiodistico.com.mx\/index.php?rest_route=\/wp\/v2\/media\/172633"}],"wp:attachment":[{"href":"https:\/\/www.buroperiodistico.com.mx\/index.php?rest_route=%2Fwp%2Fv2%2Fmedia&parent=172631"}],"wp:term":[{"taxonomy":"category","embeddable":true,"href":"https:\/\/www.buroperiodistico.com.mx\/index.php?rest_route=%2Fwp%2Fv2%2Fcategories&post=172631"},{"taxonomy":"post_tag","embeddable":true,"href":"https:\/\/www.buroperiodistico.com.mx\/index.php?rest_route=%2Fwp%2Fv2%2Ftags&post=172631"}],"curies":[{"name":"wp","href":"https:\/\/api.w.org\/{rel}","templated":true}]}}