{"id":172628,"date":"2025-08-12T14:45:58","date_gmt":"2025-08-12T19:45:58","guid":{"rendered":"https:\/\/www.buroperiodistico.com.mx\/?p=172628"},"modified":"2025-08-12T14:45:58","modified_gmt":"2025-08-12T19:45:58","slug":"tiempos-de-guerra-por-chano-rangel-451","status":"publish","type":"post","link":"https:\/\/www.buroperiodistico.com.mx\/?p=172628","title":{"rendered":"Tiempos de Guerra\/ Por: Chano Rangel"},"content":{"rendered":"<p style=\"text-align: center;\"><strong><em>!Da\u00f1os colaterales!<\/em><\/strong><\/p>\n<p><strong>(12-Agosto-2025).-<\/strong> Han pasado menos de un a\u00f1o, el segundo piso de la transformaci\u00f3n parece ser que no tiene pilotes, castillos, muros o como usted le quiera llamar al peso que deben de soportar en la pesada loza que dejo el ex presidente Obrador.<\/p>\n<p>La actual mandataria no ve a la forma de salir del atolladero, no hay manera, s\u00ed que se rompa el v\u00ednculo de padre e hijo, como lo es la presidenta, hija pol\u00edtica del ex mandatario.<\/p>\n<p>No es la oposici\u00f3n, no son los empresarios, ni mucho menos las centrales de inteligencia de Estados Unidos, las que ponen en jaque a la ejecutiva, son sus mismos compa\u00f1eros de partido, provenientes del Grupo Tabasco, de ah\u00ed parte a desenmara\u00f1arse la madeja del entramado que los tabasque\u00f1os construyeron al amparo del poder.<\/p>\n<p>La que ocurre en Morena, ocurri\u00f3 en el PRI de los 80s, porque Cuauht\u00e9moc C\u00e1rdenas rompi\u00f3 las amarras, y desde ah\u00ed comenz\u00f3 a perder peso el otrora poderoso partido \u00fanico del poder, lo que al PRI le cost\u00f3 70 a\u00f1os, a Morena le cost\u00f3 solo seis a\u00f1itos, para provocar la implosi\u00f3n que tiende a derribar los muros aparentes de la contenci\u00f3n.<\/p>\n<p>Andy L\u00f3pez Beltr\u00e1n el hijo del mes\u00edas, Ad\u00e1n Augusto el hermano del mes\u00edas, Ricardo Monreal, incondicional de AMLO, son el ojo del hurac\u00e1n, sin palabras tambi\u00e9n est\u00e1 el secretario de educaci\u00f3n Mario Delgado, como lo puede ver, no son los allegados a la mandataria los del problema, si no de su antecesor, con quien se niega a romper relaci\u00f3n pol\u00edtica.<\/p>\n<p>Si las cosas siguen as\u00ed, el reciente anuncio de Estados Unidos de ir en contra de la delincuencia organizada, donde se incluyen a varios pol\u00edticos prominentes de la 4T, entonces la presidenta Sheinbaum tendr\u00e1 que redefinir sus lealtades, as\u00ed no se puede gobernar.<\/p>\n<p>Raz\u00f3n de sobra tiene Gerardo Fern\u00e1ndez Noro\u00f1a, cuando asegura que Ad\u00e1n Augusto no tiene ninguna investigaci\u00f3n en la fiscal\u00eda, y en ninguna dependencia gubernamental -si tiene la raz\u00f3n- el senador no hecho mentiras, sin embargo, tampoco alude que el susodicho Hern\u00e1n Berm\u00fadez, ten\u00eda una larga lista de acusaciones a las cuales Morena, no dijo nada, omiti\u00f3 y dio protecci\u00f3n, y de eso no puede ser ajeno el l\u00edder del senado.<\/p>\n<p>Y si por alguna raz\u00f3n, hubiera o existiera alguna denuncia, la 4T, proteger\u00eda al senador tabasque\u00f1o, como lo ha hecho hasta el d\u00eda de hoy, no cabe duda de que obligar a los gobernadores morenistas y al partido para que arropen al senador, va en contra de todo pron\u00f3stico y con esto no solo se protege a un indiciado, si no que se le da la raz\u00f3n al departamento de estado de Estados Unidos, de protecci\u00f3n de pol\u00edticos mexicanos por el r\u00e9gimen cuatro te\u00edstas.<\/p>\n<p>La guerra medi\u00e1tica est\u00e1 a favor de la casa Blanca, la respuesta mexicana ha sido endeble, porque una sencilla raz\u00f3n, mientras se proteja y se manipule la justicia a favor de los morenistas inmiscuidos, nada podr\u00e1 solucionarse.<\/p>\n<p>Es cu\u00e1nto. De Aquello y lo dem\u00e1s\u2026<\/p>\n<p>Vaya brete en que se meti\u00f3 la COMAPA de Reynosa, al asumir como buena la falta de agua, lo que oblig\u00f3 al edil Carlos Pe\u00f1a a dar ayuda a las familias vulnerables con pipas de agua, para minimizar el da\u00f1o por la falta del vital l\u00edquido.<\/p>\n<p>Pues resulta que la Comisi\u00f3n Nacional del Agua (CONAGUA) a trav\u00e9s de un comunicado desminti\u00f3 este hecho, y puso a temblar no solo al organismo operador, si no al mismo secretario de recursos hidr\u00e1ulicos de Tamaulipas, que es el ente encargado del sem\u00e1foro de riesgo del agua potable.<\/p>\n<p>La controversia no para ah\u00ed, el d\u00eda de hoy Honorio Cort\u00e1zar gerente t\u00e9cnico de COMAPA Reynosa y el gerente general, Felipe de Jes\u00fas Chiw Vega, dieron sus opini\u00f3n y argumentos sobre el tema.<\/p>\n<p>Sin duda es un hecho lamentable, que trae como consecuencia un desacuerdo del alto nivel, donde el m\u00e1s perjudicado ser\u00eda el alcalde, quien preside el consejo del organismo y responsable en si ante los ciudadanos reynosenses.<\/p>\n<p>Donde y quien tuvo el error, si es que lo hay esto tendr\u00e1 que quedar clarificado en el corto tiempo, con hechos y resultado.<\/p>\n<p>chanorangel@live.com.mx<\/p>\n","protected":false},"excerpt":{"rendered":"<p>!Da\u00f1os colaterales! (12-Agosto-2025).- Han pasado menos de un a\u00f1o, el segundo piso de la transformaci\u00f3n&#8230;<\/p>\n","protected":false},"author":1,"featured_media":149238,"comment_status":"closed","ping_status":"closed","sticky":false,"template":"","format":"standard","meta":{"footnotes":"","jetpack_publicize_message":"","jetpack_publicize_feature_enabled":true,"jetpack_social_post_already_shared":true,"jetpack_social_options":{"image_generator_settings":{"template":"highway","default_image_id":0,"font":"","enabled":false},"version":2}},"categories":[23],"tags":[],"class_list":["post-172628","post","type-post","status-publish","format-standard","has-post-thumbnail","hentry","category-columnas"],"jetpack_publicize_connections":[],"_links":{"self":[{"href":"https:\/\/www.buroperiodistico.com.mx\/index.php?rest_route=\/wp\/v2\/posts\/172628","targetHints":{"allow":["GET"]}}],"collection":[{"href":"https:\/\/www.buroperiodistico.com.mx\/index.php?rest_route=\/wp\/v2\/posts"}],"about":[{"href":"https:\/\/www.buroperiodistico.com.mx\/index.php?rest_route=\/wp\/v2\/types\/post"}],"author":[{"embeddable":true,"href":"https:\/\/www.buroperiodistico.com.mx\/index.php?rest_route=\/wp\/v2\/users\/1"}],"replies":[{"embeddable":true,"href":"https:\/\/www.buroperiodistico.com.mx\/index.php?rest_route=%2Fwp%2Fv2%2Fcomments&post=172628"}],"version-history":[{"count":0,"href":"https:\/\/www.buroperiodistico.com.mx\/index.php?rest_route=\/wp\/v2\/posts\/172628\/revisions"}],"wp:featuredmedia":[{"embeddable":true,"href":"https:\/\/www.buroperiodistico.com.mx\/index.php?rest_route=\/wp\/v2\/media\/149238"}],"wp:attachment":[{"href":"https:\/\/www.buroperiodistico.com.mx\/index.php?rest_route=%2Fwp%2Fv2%2Fmedia&parent=172628"}],"wp:term":[{"taxonomy":"category","embeddable":true,"href":"https:\/\/www.buroperiodistico.com.mx\/index.php?rest_route=%2Fwp%2Fv2%2Fcategories&post=172628"},{"taxonomy":"post_tag","embeddable":true,"href":"https:\/\/www.buroperiodistico.com.mx\/index.php?rest_route=%2Fwp%2Fv2%2Ftags&post=172628"}],"curies":[{"name":"wp","href":"https:\/\/api.w.org\/{rel}","templated":true}]}}