{"id":172228,"date":"2025-08-09T15:21:20","date_gmt":"2025-08-09T20:21:20","guid":{"rendered":"https:\/\/www.buroperiodistico.com.mx\/?p=172228"},"modified":"2025-08-09T15:21:20","modified_gmt":"2025-08-09T20:21:20","slug":"vive-nuevo-laredo-una-fiesta-de-arte-y-cultura-con-la-inauguracion-del-espacio-cultural-y-artistico-del-parque-viveros","status":"publish","type":"post","link":"https:\/\/www.buroperiodistico.com.mx\/?p=172228","title":{"rendered":"VIVE NUEVO LAREDO UNA FIESTA DE ARTE Y CULTURA CON LA INAUGURACI\u00d3N DEL ESPACIO CULTURAL Y ART\u00cdSTICO DEL PARQUE VIVEROS"},"content":{"rendered":"<p><strong><em><img loading=\"lazy\" decoding=\"async\" class=\" wp-image-172235 alignright\" src=\"https:\/\/www.buroperiodistico.com.mx\/wp-content\/uploads\/2025\/08\/Vivex.jpeg\" alt=\"\" width=\"557\" height=\"353\" srcset=\"https:\/\/www.buroperiodistico.com.mx\/wp-content\/uploads\/2025\/08\/Vivex.jpeg 1024w, https:\/\/www.buroperiodistico.com.mx\/wp-content\/uploads\/2025\/08\/Vivex-300x190.jpeg 300w, https:\/\/www.buroperiodistico.com.mx\/wp-content\/uploads\/2025\/08\/Vivex-768x487.jpeg 768w\" sizes=\"auto, (max-width: 557px) 100vw, 557px\" \/>Nuevo Laredo, Tam (9-Agosto-2025).-<\/em><\/strong> M\u00fasica, folclor, teatro, narraciones, baile y sonrisas se mezclaron en una tarde m\u00e1gica que quedar\u00e1 en la memoria de cientos de familias neolaredenses. As\u00ed se vivi\u00f3 la inauguraci\u00f3n oficial del renovado Espacio Cultural y Art\u00edstico del Parque Viveros, encabezada por la presidenta municipal, Carmen Lilia Canturosas Villarreal.<\/p>\n<p>Lo que antes fue una bodega de mobiliario inservible, hoy se transform\u00f3 en un auditorio al aire libre con pasto sint\u00e9tico, \u00e1reas para picnic y un ambiente pensado para el disfrute de todas las edades.<\/p>\n<p>Desde temprana hora, familias enteras llegaron con mantas, sillas y canastas para acampar y ser testigos de un espect\u00e1culo protagonizado por talentosos artistas locales de todas las generaciones.<\/p>\n<p>\u201cEste espacio es de ustedes y para ustedes; lo renovamos con el compromiso de brindarles lugares dignos, donde puedan reunirse, convivir y disfrutar de la cultura y el arte. Les pido que lo cuidemos juntos, porque es patrimonio de nuestra comunidad\u201d, expres\u00f3 la alcaldesa.<\/p>\n<p>Acompa\u00f1ada de la presidenta del Sistema DIF, Claudette Canturosas Villarreal, el diputado federal, Carlos Canturosas, s\u00edndicos y regidores, la alcaldesa refrend\u00f3 su compromiso de continuar transformando los espacios p\u00fablicos de la ciudad.<\/p>\n<p>Durante la jornada, las familias cantaron, bailaron y convivieron con la presidenta municipal en un d\u00eda de campo muy especial. Los ni\u00f1os fueron protagonistas al participar en actividades como pintacaritas, mesas de dibujo, y divertidas interacciones con animales del Zool\u00f3gico de la ciudad. Adem\u00e1s, el Sistema DIF sum\u00f3 atractivos para los m\u00e1s peque\u00f1os y, como toque final, los tradicionales antojitos del Parque Viveros pusieron sabor a la tarde.<\/p>\n<p>Los asistentes se mostraron fascinados con este nuevo espacio, que promete convertirse en un punto de encuentro para fomentar el arte y la cultura en Nuevo Laredo, ofreciendo espect\u00e1culos, talleres y eventos que fortalecen la convivencia familiar y el sentido de comunidad.<\/p>\n<p><img loading=\"lazy\" decoding=\"async\" class=\"aligncenter size-full wp-image-172229\" src=\"https:\/\/www.buroperiodistico.com.mx\/wp-content\/uploads\/2025\/08\/Vivex-I.jpeg\" alt=\"\" width=\"640\" height=\"428\" srcset=\"https:\/\/www.buroperiodistico.com.mx\/wp-content\/uploads\/2025\/08\/Vivex-I.jpeg 640w, https:\/\/www.buroperiodistico.com.mx\/wp-content\/uploads\/2025\/08\/Vivex-I-300x201.jpeg 300w\" sizes=\"auto, (max-width: 640px) 100vw, 640px\" \/> <img loading=\"lazy\" decoding=\"async\" class=\"aligncenter size-full wp-image-172234\" src=\"https:\/\/www.buroperiodistico.com.mx\/wp-content\/uploads\/2025\/08\/Vivex-IIIIII.jpeg\" alt=\"\" width=\"640\" height=\"428\" srcset=\"https:\/\/www.buroperiodistico.com.mx\/wp-content\/uploads\/2025\/08\/Vivex-IIIIII.jpeg 640w, https:\/\/www.buroperiodistico.com.mx\/wp-content\/uploads\/2025\/08\/Vivex-IIIIII-300x201.jpeg 300w\" sizes=\"auto, (max-width: 640px) 100vw, 640px\" \/> <img loading=\"lazy\" decoding=\"async\" class=\"aligncenter size-full wp-image-172233\" src=\"https:\/\/www.buroperiodistico.com.mx\/wp-content\/uploads\/2025\/08\/Vivex-IIIII.jpeg\" alt=\"\" width=\"640\" height=\"428\" srcset=\"https:\/\/www.buroperiodistico.com.mx\/wp-content\/uploads\/2025\/08\/Vivex-IIIII.jpeg 640w, https:\/\/www.buroperiodistico.com.mx\/wp-content\/uploads\/2025\/08\/Vivex-IIIII-300x201.jpeg 300w\" sizes=\"auto, (max-width: 640px) 100vw, 640px\" \/> <img loading=\"lazy\" decoding=\"async\" class=\"aligncenter size-full wp-image-172232\" src=\"https:\/\/www.buroperiodistico.com.mx\/wp-content\/uploads\/2025\/08\/Vivex-IIII.jpeg\" alt=\"\" width=\"640\" height=\"428\" srcset=\"https:\/\/www.buroperiodistico.com.mx\/wp-content\/uploads\/2025\/08\/Vivex-IIII.jpeg 640w, https:\/\/www.buroperiodistico.com.mx\/wp-content\/uploads\/2025\/08\/Vivex-IIII-300x201.jpeg 300w\" sizes=\"auto, (max-width: 640px) 100vw, 640px\" \/> <img loading=\"lazy\" decoding=\"async\" class=\"aligncenter size-full wp-image-172231\" src=\"https:\/\/www.buroperiodistico.com.mx\/wp-content\/uploads\/2025\/08\/Vivex-III.jpeg\" alt=\"\" width=\"640\" height=\"428\" srcset=\"https:\/\/www.buroperiodistico.com.mx\/wp-content\/uploads\/2025\/08\/Vivex-III.jpeg 640w, https:\/\/www.buroperiodistico.com.mx\/wp-content\/uploads\/2025\/08\/Vivex-III-300x201.jpeg 300w\" sizes=\"auto, (max-width: 640px) 100vw, 640px\" \/> <img loading=\"lazy\" decoding=\"async\" class=\"aligncenter size-full wp-image-172230\" src=\"https:\/\/www.buroperiodistico.com.mx\/wp-content\/uploads\/2025\/08\/Vivex-II.jpeg\" alt=\"\" width=\"640\" height=\"428\" srcset=\"https:\/\/www.buroperiodistico.com.mx\/wp-content\/uploads\/2025\/08\/Vivex-II.jpeg 640w, https:\/\/www.buroperiodistico.com.mx\/wp-content\/uploads\/2025\/08\/Vivex-II-300x201.jpeg 300w\" sizes=\"auto, (max-width: 640px) 100vw, 640px\" \/><\/p>\n<div style=\"width: 640px;\" class=\"wp-video\"><video class=\"wp-video-shortcode\" id=\"video-172228-1\" width=\"640\" height=\"363\" preload=\"metadata\" controls=\"controls\"><source type=\"video\/mp4\" src=\"https:\/\/www.buroperiodistico.com.mx\/wp-content\/uploads\/2025\/08\/WhatsApp-Video-2025-08-09-at-3.00.43-PM.mp4?_=1\" \/><a href=\"https:\/\/www.buroperiodistico.com.mx\/wp-content\/uploads\/2025\/08\/WhatsApp-Video-2025-08-09-at-3.00.43-PM.mp4\">https:\/\/www.buroperiodistico.com.mx\/wp-content\/uploads\/2025\/08\/WhatsApp-Video-2025-08-09-at-3.00.43-PM.mp4<\/a><\/video><\/div>\n","protected":false},"excerpt":{"rendered":"<p>Nuevo Laredo, Tam (9-Agosto-2025).- M\u00fasica, folclor, teatro, narraciones, baile y sonrisas se mezclaron en una&#8230;<\/p>\n","protected":false},"author":1,"featured_media":172235,"comment_status":"closed","ping_status":"closed","sticky":false,"template":"","format":"standard","meta":{"footnotes":"","jetpack_publicize_message":"","jetpack_publicize_feature_enabled":true,"jetpack_social_post_already_shared":true,"jetpack_social_options":{"image_generator_settings":{"template":"highway","default_image_id":0,"font":"","enabled":false},"version":2}},"categories":[16,25],"tags":[],"class_list":["post-172228","post","type-post","status-publish","format-standard","has-post-thumbnail","hentry","category-nuevolaredo","category-portada"],"jetpack_publicize_connections":[],"_links":{"self":[{"href":"https:\/\/www.buroperiodistico.com.mx\/index.php?rest_route=\/wp\/v2\/posts\/172228","targetHints":{"allow":["GET"]}}],"collection":[{"href":"https:\/\/www.buroperiodistico.com.mx\/index.php?rest_route=\/wp\/v2\/posts"}],"about":[{"href":"https:\/\/www.buroperiodistico.com.mx\/index.php?rest_route=\/wp\/v2\/types\/post"}],"author":[{"embeddable":true,"href":"https:\/\/www.buroperiodistico.com.mx\/index.php?rest_route=\/wp\/v2\/users\/1"}],"replies":[{"embeddable":true,"href":"https:\/\/www.buroperiodistico.com.mx\/index.php?rest_route=%2Fwp%2Fv2%2Fcomments&post=172228"}],"version-history":[{"count":0,"href":"https:\/\/www.buroperiodistico.com.mx\/index.php?rest_route=\/wp\/v2\/posts\/172228\/revisions"}],"wp:featuredmedia":[{"embeddable":true,"href":"https:\/\/www.buroperiodistico.com.mx\/index.php?rest_route=\/wp\/v2\/media\/172235"}],"wp:attachment":[{"href":"https:\/\/www.buroperiodistico.com.mx\/index.php?rest_route=%2Fwp%2Fv2%2Fmedia&parent=172228"}],"wp:term":[{"taxonomy":"category","embeddable":true,"href":"https:\/\/www.buroperiodistico.com.mx\/index.php?rest_route=%2Fwp%2Fv2%2Fcategories&post=172228"},{"taxonomy":"post_tag","embeddable":true,"href":"https:\/\/www.buroperiodistico.com.mx\/index.php?rest_route=%2Fwp%2Fv2%2Ftags&post=172228"}],"curies":[{"name":"wp","href":"https:\/\/api.w.org\/{rel}","templated":true}]}}