{"id":172218,"date":"2025-08-09T14:50:27","date_gmt":"2025-08-09T19:50:27","guid":{"rendered":"https:\/\/www.buroperiodistico.com.mx\/?p=172218"},"modified":"2025-08-09T14:50:27","modified_gmt":"2025-08-09T19:50:27","slug":"fortalece-dif-reynosa-rehabilitacion-con-area-de-hidroterapia-en-cri","status":"publish","type":"post","link":"https:\/\/www.buroperiodistico.com.mx\/?p=172218","title":{"rendered":"Fortalece DIF-Reynosa rehabilitaci\u00f3n con \u00e1rea de hidroterapia en CRI"},"content":{"rendered":"<ul>\n<li><strong><em>Atenci\u00f3n para pacientes de todas las edades.<\/em><\/strong><\/li>\n<\/ul>\n<p><strong><img loading=\"lazy\" decoding=\"async\" class=\" wp-image-172219 alignright\" src=\"https:\/\/www.buroperiodistico.com.mx\/wp-content\/uploads\/2025\/08\/DIFx-1.jpg\" alt=\"\" width=\"603\" height=\"326\" srcset=\"https:\/\/www.buroperiodistico.com.mx\/wp-content\/uploads\/2025\/08\/DIFx-1.jpg 1110w, https:\/\/www.buroperiodistico.com.mx\/wp-content\/uploads\/2025\/08\/DIFx-1-300x162.jpg 300w, https:\/\/www.buroperiodistico.com.mx\/wp-content\/uploads\/2025\/08\/DIFx-1-1024x554.jpg 1024w, https:\/\/www.buroperiodistico.com.mx\/wp-content\/uploads\/2025\/08\/DIFx-1-768x415.jpg 768w\" sizes=\"auto, (max-width: 603px) 100vw, 603px\" \/>Reynosa, Tam (9-Agosto-2025).-<\/strong> El Sistema DIF Reynosa, que preside Carlos Luis Pe\u00f1a Garza, a trav\u00e9s del Centro de Rehabilitaci\u00f3n Integral, ofrece a la ciudadan\u00eda el servicio de hidroterapia como una alternativa efectiva para favorecer la movilidad, reducir el dolor y mejorar el bienestar f\u00edsico y emocional.<\/p>\n<p>En el \u00e1rea de hidroterapia se atiende a ni\u00f1as, ni\u00f1os, adultos y personas mayores con diversas condiciones, como par\u00e1lisis cerebral infantil, s\u00edndrome de Down, autismo, fracturas, debilidad muscular, secuelas de EVC, Guillain-Barr\u00e9, lesiones medulares, desgarros musculares y casos de estr\u00e9s o depresi\u00f3n.<\/p>\n<p>Las sesiones se realizan en agua caliente, para contribuir a la recuperaci\u00f3n de los pacientes, servicio que es posible gracias al respaldo del Presidente Municipal, Carlos Pe\u00f1a Ortiz y su compromiso con la salud de las familias; para m\u00e1s informaci\u00f3n acudir a las instalaciones del CRI Reynosa, ubicadas en el Boulevard Luis Echeverr\u00eda #810, colonia Aquiles Serd\u00e1n o llamar al 8999221178, de lunes a viernes.<\/p>\n","protected":false},"excerpt":{"rendered":"<p>Atenci\u00f3n para pacientes de todas las edades. Reynosa, Tam (9-Agosto-2025).- El Sistema DIF Reynosa, que&#8230;<\/p>\n","protected":false},"author":1,"featured_media":172219,"comment_status":"closed","ping_status":"closed","sticky":false,"template":"","format":"standard","meta":{"footnotes":"","jetpack_publicize_message":"","jetpack_publicize_feature_enabled":true,"jetpack_social_post_already_shared":true,"jetpack_social_options":{"image_generator_settings":{"template":"highway","default_image_id":0,"font":"","enabled":false},"version":2}},"categories":[9],"tags":[],"class_list":["post-172218","post","type-post","status-publish","format-standard","has-post-thumbnail","hentry","category-reynosa"],"jetpack_publicize_connections":[],"_links":{"self":[{"href":"https:\/\/www.buroperiodistico.com.mx\/index.php?rest_route=\/wp\/v2\/posts\/172218","targetHints":{"allow":["GET"]}}],"collection":[{"href":"https:\/\/www.buroperiodistico.com.mx\/index.php?rest_route=\/wp\/v2\/posts"}],"about":[{"href":"https:\/\/www.buroperiodistico.com.mx\/index.php?rest_route=\/wp\/v2\/types\/post"}],"author":[{"embeddable":true,"href":"https:\/\/www.buroperiodistico.com.mx\/index.php?rest_route=\/wp\/v2\/users\/1"}],"replies":[{"embeddable":true,"href":"https:\/\/www.buroperiodistico.com.mx\/index.php?rest_route=%2Fwp%2Fv2%2Fcomments&post=172218"}],"version-history":[{"count":0,"href":"https:\/\/www.buroperiodistico.com.mx\/index.php?rest_route=\/wp\/v2\/posts\/172218\/revisions"}],"wp:featuredmedia":[{"embeddable":true,"href":"https:\/\/www.buroperiodistico.com.mx\/index.php?rest_route=\/wp\/v2\/media\/172219"}],"wp:attachment":[{"href":"https:\/\/www.buroperiodistico.com.mx\/index.php?rest_route=%2Fwp%2Fv2%2Fmedia&parent=172218"}],"wp:term":[{"taxonomy":"category","embeddable":true,"href":"https:\/\/www.buroperiodistico.com.mx\/index.php?rest_route=%2Fwp%2Fv2%2Fcategories&post=172218"},{"taxonomy":"post_tag","embeddable":true,"href":"https:\/\/www.buroperiodistico.com.mx\/index.php?rest_route=%2Fwp%2Fv2%2Ftags&post=172218"}],"curies":[{"name":"wp","href":"https:\/\/api.w.org\/{rel}","templated":true}]}}