{"id":172204,"date":"2025-08-09T13:12:58","date_gmt":"2025-08-09T18:12:58","guid":{"rendered":"https:\/\/www.buroperiodistico.com.mx\/?p=172204"},"modified":"2025-08-09T13:12:58","modified_gmt":"2025-08-09T18:12:58","slug":"promueve-gobierno-de-carlos-pena-ortiz-la-formacion-cultural-de-ninos-y-jovenes-a-traves-de-la-danza","status":"publish","type":"post","link":"https:\/\/www.buroperiodistico.com.mx\/?p=172204","title":{"rendered":"Promueve Gobierno de Carlos Pe\u00f1a Ortiz la formaci\u00f3n cultural de ni\u00f1os y j\u00f3venes a trav\u00e9s de la danza"},"content":{"rendered":"<p><em><strong><img loading=\"lazy\" decoding=\"async\" class=\" wp-image-172208 alignright\" src=\"https:\/\/www.buroperiodistico.com.mx\/wp-content\/uploads\/2025\/08\/Culturx-1.jpeg\" alt=\"\" width=\"518\" height=\"299\" srcset=\"https:\/\/www.buroperiodistico.com.mx\/wp-content\/uploads\/2025\/08\/Culturx-1.jpeg 1024w, https:\/\/www.buroperiodistico.com.mx\/wp-content\/uploads\/2025\/08\/Culturx-1-300x173.jpeg 300w, https:\/\/www.buroperiodistico.com.mx\/wp-content\/uploads\/2025\/08\/Culturx-1-768x443.jpeg 768w\" sizes=\"auto, (max-width: 518px) 100vw, 518px\" \/>Reynosa, Tam (9-Agosto-2025).-<\/strong><\/em> El Gobierno de Reynosa, que preside el Alcalde Carlos Pe\u00f1a Ortiz, contin\u00faa fortaleciendo el desarrollo art\u00edstico de ni\u00f1os y j\u00f3venes a trav\u00e9s del Instituto Reynosense para la Cultura y las Artes con el Curso de Verano 2025, donde la Danza se ha convertido en una de las clases favoritas.<\/p>\n<p>Esta disciplina es impartida por los Maestros Alexsandra Varela Villarreal y Pedro Garc\u00eda Garc\u00eda, quienes comparten sus conocimientos con los alumnos.<\/p>\n<p>La danza les ense\u00f1a a los ni\u00f1os a conectar con sus emociones, a tener confianza en s\u00ed mismos y a trabajar en equipo. Son herramientas que les sirven no solo en el escenario, sino en su vida diaria.<\/p>\n<p>Por su parte, el Maestro Pedro Garc\u00eda Garc\u00eda acompa\u00f1a a los alumnos en el aprendizaje de la danza folkl\u00f3rica, destacando la riqueza cultural de M\u00e9xico.<\/p>\n<p>Ni\u00f1os y j\u00f3venes aprenden a valorar sus ra\u00edces y a expresarlas con orgullo. Cada paso que dan en el sal\u00f3n es una forma de preservar las tradiciones.<\/p>\n<p>El Curso de Verano IRCA 2025 es una muestra del compromiso del Gobierno Municipal por acercar a las bellas artes a las nuevas generaciones, consolidando a Reynosa como una ciudad imparable en la cultura.<\/p>\n<p>#ReynosaImparable #Reynosa #Tamaulipas<\/p>\n<p><img loading=\"lazy\" decoding=\"async\" class=\"aligncenter size-full wp-image-172205\" src=\"https:\/\/www.buroperiodistico.com.mx\/wp-content\/uploads\/2025\/08\/Culturx-I-1.jpeg\" alt=\"\" width=\"640\" height=\"427\" srcset=\"https:\/\/www.buroperiodistico.com.mx\/wp-content\/uploads\/2025\/08\/Culturx-I-1.jpeg 640w, https:\/\/www.buroperiodistico.com.mx\/wp-content\/uploads\/2025\/08\/Culturx-I-1-300x200.jpeg 300w\" sizes=\"auto, (max-width: 640px) 100vw, 640px\" \/> <img loading=\"lazy\" decoding=\"async\" class=\"aligncenter size-full wp-image-172207\" src=\"https:\/\/www.buroperiodistico.com.mx\/wp-content\/uploads\/2025\/08\/Culturx-III-1.jpeg\" alt=\"\" width=\"640\" height=\"420\" srcset=\"https:\/\/www.buroperiodistico.com.mx\/wp-content\/uploads\/2025\/08\/Culturx-III-1.jpeg 640w, https:\/\/www.buroperiodistico.com.mx\/wp-content\/uploads\/2025\/08\/Culturx-III-1-300x197.jpeg 300w\" sizes=\"auto, (max-width: 640px) 100vw, 640px\" \/> <img loading=\"lazy\" decoding=\"async\" class=\"aligncenter size-full wp-image-172206\" src=\"https:\/\/www.buroperiodistico.com.mx\/wp-content\/uploads\/2025\/08\/Culturx-II-1.jpeg\" alt=\"\" width=\"640\" height=\"416\" srcset=\"https:\/\/www.buroperiodistico.com.mx\/wp-content\/uploads\/2025\/08\/Culturx-II-1.jpeg 640w, https:\/\/www.buroperiodistico.com.mx\/wp-content\/uploads\/2025\/08\/Culturx-II-1-300x195.jpeg 300w\" sizes=\"auto, (max-width: 640px) 100vw, 640px\" \/><\/p>\n","protected":false},"excerpt":{"rendered":"<p>Reynosa, Tam (9-Agosto-2025).- El Gobierno de Reynosa, que preside el Alcalde Carlos Pe\u00f1a Ortiz, contin\u00faa&#8230;<\/p>\n","protected":false},"author":1,"featured_media":172208,"comment_status":"closed","ping_status":"closed","sticky":false,"template":"","format":"standard","meta":{"footnotes":"","jetpack_publicize_message":"","jetpack_publicize_feature_enabled":true,"jetpack_social_post_already_shared":true,"jetpack_social_options":{"image_generator_settings":{"template":"highway","default_image_id":0,"font":"","enabled":false},"version":2}},"categories":[9],"tags":[],"class_list":["post-172204","post","type-post","status-publish","format-standard","has-post-thumbnail","hentry","category-reynosa"],"jetpack_publicize_connections":[],"_links":{"self":[{"href":"https:\/\/www.buroperiodistico.com.mx\/index.php?rest_route=\/wp\/v2\/posts\/172204","targetHints":{"allow":["GET"]}}],"collection":[{"href":"https:\/\/www.buroperiodistico.com.mx\/index.php?rest_route=\/wp\/v2\/posts"}],"about":[{"href":"https:\/\/www.buroperiodistico.com.mx\/index.php?rest_route=\/wp\/v2\/types\/post"}],"author":[{"embeddable":true,"href":"https:\/\/www.buroperiodistico.com.mx\/index.php?rest_route=\/wp\/v2\/users\/1"}],"replies":[{"embeddable":true,"href":"https:\/\/www.buroperiodistico.com.mx\/index.php?rest_route=%2Fwp%2Fv2%2Fcomments&post=172204"}],"version-history":[{"count":0,"href":"https:\/\/www.buroperiodistico.com.mx\/index.php?rest_route=\/wp\/v2\/posts\/172204\/revisions"}],"wp:featuredmedia":[{"embeddable":true,"href":"https:\/\/www.buroperiodistico.com.mx\/index.php?rest_route=\/wp\/v2\/media\/172208"}],"wp:attachment":[{"href":"https:\/\/www.buroperiodistico.com.mx\/index.php?rest_route=%2Fwp%2Fv2%2Fmedia&parent=172204"}],"wp:term":[{"taxonomy":"category","embeddable":true,"href":"https:\/\/www.buroperiodistico.com.mx\/index.php?rest_route=%2Fwp%2Fv2%2Fcategories&post=172204"},{"taxonomy":"post_tag","embeddable":true,"href":"https:\/\/www.buroperiodistico.com.mx\/index.php?rest_route=%2Fwp%2Fv2%2Ftags&post=172204"}],"curies":[{"name":"wp","href":"https:\/\/api.w.org\/{rel}","templated":true}]}}