{"id":172185,"date":"2025-08-08T22:42:38","date_gmt":"2025-08-09T03:42:38","guid":{"rendered":"https:\/\/www.buroperiodistico.com.mx\/?p=172185"},"modified":"2025-08-08T22:42:38","modified_gmt":"2025-08-09T03:42:38","slug":"unt-mexico-global-university-llega-a-europa","status":"publish","type":"post","link":"https:\/\/www.buroperiodistico.com.mx\/?p=172185","title":{"rendered":"UNT M\u00c9XICO GLOBAL UNIVERSITY LLEGA A EUROPA"},"content":{"rendered":"<p><em><strong><img loading=\"lazy\" decoding=\"async\" class=\" wp-image-172187 alignright\" src=\"https:\/\/www.buroperiodistico.com.mx\/wp-content\/uploads\/2025\/08\/UNTx.jpeg\" alt=\"\" width=\"497\" height=\"298\" srcset=\"https:\/\/www.buroperiodistico.com.mx\/wp-content\/uploads\/2025\/08\/UNTx.jpeg 1024w, https:\/\/www.buroperiodistico.com.mx\/wp-content\/uploads\/2025\/08\/UNTx-300x180.jpeg 300w, https:\/\/www.buroperiodistico.com.mx\/wp-content\/uploads\/2025\/08\/UNTx-768x461.jpeg 768w\" sizes=\"auto, (max-width: 497px) 100vw, 497px\" \/>Reynosa, Tamaulipas (8-Agosto-2025).-<\/strong><\/em> La UNT M\u00e9xico Global University ampl\u00eda su radio de acci\u00f3n hasta el viejo continente.<\/p>\n<p>En exclusiva, el Rector de esa Casa de Estudios, Dr. Jos\u00e9 Francisco Chavira Mart\u00ednez expres\u00f3 que se tiene prevista la apertura de la primera Unidad de Admisiones de la UNT en Espa\u00f1a.<\/p>\n<p>A la fecha, la instituci\u00f3n tiene presencia en El Salvador, Guatemala y Per\u00fa, adem\u00e1s, este fin de mes se firmar\u00e1 un convenio con autoridades educativas de Paraguay, Ecuador y Espa\u00f1a.<\/p>\n<p>\u201cSomos la primera universidad en M\u00e9xico que estamos incursionando incluso en Europa, que estamos incursionando en otros pa\u00edses con la finalidad de que los estudiantes tengan la oportunidad. Muchos estudiantes quieren intercambio acad\u00e9mico, quieren conocer otros pa\u00edses, quieren otras oportunidades laborales y en la UNT Global University vamos a lo que sigue. Al siguiente nivel\u201d-comunic\u00f3.<\/p>\n<p>Dijo adem\u00e1s que los alumnos tendr\u00e1n la oportunidad de estudiar hasta 41 idiomas, desde ingl\u00e9s, franc\u00e9s, chino-mandar\u00edn, italiano, coreano, japon\u00e9s y otros m\u00e1s.<\/p>\n<p>\u201cOlv\u00eddense de que somos una universidad biling\u00fce. Ahorita tenemos que entrar en un nuevo contexto en donde se tiene que tener una visi\u00f3n m\u00e1s amplia de todo lo que est\u00e1 pasando en el pa\u00eds, por eso la UNT somos la primera y \u00fanica universidad con una visi\u00f3n internacional con catedr\u00e1ticos y presencia en donde estaremos aperturando en los pr\u00f3ximos d\u00edas el Campus Guatemala y las sedes Paraguay y Per\u00fa, donde en l\u00ednea los estudiantes podr\u00e1n inscribirse y vamos a tener una sede, un centro de admisiones en cada pa\u00eds para que la gente de esos pa\u00edses puedan estudiar en M\u00e9xico una carrera profesional, un posgrado, una maestr\u00eda o un doctorado\u201d-subray\u00f3.<\/p>\n<p>Chavira Mart\u00ednez puso por ejemplo la Facultad de Derecho y Pol\u00edtica P\u00fablica donde se puede estudiar en l\u00ednea desde un tel\u00e9fono celular, y de igual manera la Facultad de Comercio Internacional y Aduanas, donde adem\u00e1s de licenciatura se ofrece maestr\u00eda y doctorado, con dos certificaciones en competencias laborales por cada carrera.<\/p>\n<p>\u201cCon esto estamos nosotros haciendo radicalmente una revoluci\u00f3n en el \u00e1rea de la educaci\u00f3n\u201d-sostuvo el Rector de la UNT M\u00e9xico Global University.<\/p>\n<p>Destac\u00f3 que la inscripci\u00f3n es gratuita, sin examen de admisi\u00f3n y una beca del 75%.<\/p>\n<p><img loading=\"lazy\" decoding=\"async\" class=\"aligncenter size-full wp-image-172186\" src=\"https:\/\/www.buroperiodistico.com.mx\/wp-content\/uploads\/2025\/08\/UNTx-I.jpeg\" alt=\"\" width=\"625\" height=\"480\" srcset=\"https:\/\/www.buroperiodistico.com.mx\/wp-content\/uploads\/2025\/08\/UNTx-I.jpeg 625w, https:\/\/www.buroperiodistico.com.mx\/wp-content\/uploads\/2025\/08\/UNTx-I-300x230.jpeg 300w\" sizes=\"auto, (max-width: 625px) 100vw, 625px\" \/><\/p>\n","protected":false},"excerpt":{"rendered":"<p>Reynosa, Tamaulipas (8-Agosto-2025).- La UNT M\u00e9xico Global University ampl\u00eda su radio de acci\u00f3n hasta el&#8230;<\/p>\n","protected":false},"author":1,"featured_media":172187,"comment_status":"closed","ping_status":"closed","sticky":false,"template":"","format":"standard","meta":{"footnotes":"","jetpack_publicize_message":"","jetpack_publicize_feature_enabled":true,"jetpack_social_post_already_shared":true,"jetpack_social_options":{"image_generator_settings":{"template":"highway","default_image_id":0,"font":"","enabled":false},"version":2}},"categories":[9],"tags":[],"class_list":["post-172185","post","type-post","status-publish","format-standard","has-post-thumbnail","hentry","category-reynosa"],"jetpack_publicize_connections":[],"_links":{"self":[{"href":"https:\/\/www.buroperiodistico.com.mx\/index.php?rest_route=\/wp\/v2\/posts\/172185","targetHints":{"allow":["GET"]}}],"collection":[{"href":"https:\/\/www.buroperiodistico.com.mx\/index.php?rest_route=\/wp\/v2\/posts"}],"about":[{"href":"https:\/\/www.buroperiodistico.com.mx\/index.php?rest_route=\/wp\/v2\/types\/post"}],"author":[{"embeddable":true,"href":"https:\/\/www.buroperiodistico.com.mx\/index.php?rest_route=\/wp\/v2\/users\/1"}],"replies":[{"embeddable":true,"href":"https:\/\/www.buroperiodistico.com.mx\/index.php?rest_route=%2Fwp%2Fv2%2Fcomments&post=172185"}],"version-history":[{"count":0,"href":"https:\/\/www.buroperiodistico.com.mx\/index.php?rest_route=\/wp\/v2\/posts\/172185\/revisions"}],"wp:featuredmedia":[{"embeddable":true,"href":"https:\/\/www.buroperiodistico.com.mx\/index.php?rest_route=\/wp\/v2\/media\/172187"}],"wp:attachment":[{"href":"https:\/\/www.buroperiodistico.com.mx\/index.php?rest_route=%2Fwp%2Fv2%2Fmedia&parent=172185"}],"wp:term":[{"taxonomy":"category","embeddable":true,"href":"https:\/\/www.buroperiodistico.com.mx\/index.php?rest_route=%2Fwp%2Fv2%2Fcategories&post=172185"},{"taxonomy":"post_tag","embeddable":true,"href":"https:\/\/www.buroperiodistico.com.mx\/index.php?rest_route=%2Fwp%2Fv2%2Ftags&post=172185"}],"curies":[{"name":"wp","href":"https:\/\/api.w.org\/{rel}","templated":true}]}}