{"id":172183,"date":"2025-08-08T22:37:56","date_gmt":"2025-08-09T03:37:56","guid":{"rendered":"https:\/\/www.buroperiodistico.com.mx\/?p=172183"},"modified":"2025-08-08T22:37:56","modified_gmt":"2025-08-09T03:37:56","slug":"agenda-fronteriza-por-humberto-gutierrez-600","status":"publish","type":"post","link":"https:\/\/www.buroperiodistico.com.mx\/?p=172183","title":{"rendered":"AGENDA FRONTERIZA\/ POR HUMBERTO GUTI\u00c9RREZ"},"content":{"rendered":"<p style=\"text-align: center;\"><em><strong>UAT ORGANIZA ENCUENTRO NACIONAL DE ENERGIA<\/strong><\/em><\/p>\n<p>Se nos vino el tiempo encima.<\/p>\n<p>Para impulsar el desarrollo de M\u00e9xico, la manufactura, la investigaci\u00f3n y el empleo, la industria farmac\u00e9utica invertir\u00e1 m\u00e1s de 12 mil MDO, con el fin a incrementar las capacidades productivas, desarrollar tecnolog\u00edas e ingredientes activos y de esta manera, fortalecer a la presidenta CSP en su objetivo de fomentar la autosuficiencia y la soberan\u00eda alimentaria.<\/p>\n<p>MOVISTAR y ATT sucumbieron ante el poder\u00edo comercial de TELCEL, las dos empresas, emblemas mundiales, una de capital espa\u00f1ol y otra estadounidense no le quitaron el sue\u00f1o a la empresa mexicana de CARLOS SLIM y est\u00e1n considerando vender su participaci\u00f3n de negocios en M\u00e9xico.<\/p>\n<p>Simplemente no pudieron enfrentar al l\u00edder mexicano en la industria telef\u00f3nica.<\/p>\n<p>A pesar de las presiones que han provocado los aranceles de EU a las exportaciones del primer socio comercial de EU, la producci\u00f3n automotriz, el mes de julio result\u00f3 el s\u00e9ptimo consecutivo tanto en volumen de producci\u00f3n como en exportaciones de autos.<\/p>\n<p>El reporte de INEGI se\u00f1ala una inflaci\u00f3n a la baja, a 3.51 anual, el menor nivel desde 2020.<\/p>\n<p>De acuerdo con estad\u00edsticas del Instituto Nacional de Estad\u00edstica y Geograf\u00eda (INEGI), durante el primer trimestre de 2025, las actividades primarias que comprenden el sector agr\u00edcola, la cr\u00eda y exportaci\u00f3n de animales, el aprovechamiento forestal y la pesca, registraron en Tamaulipas un incremento del 24.3 por ciento, posicionando a la entidad en el primer lugar a nivel nacional.<\/p>\n<p>La Universidad Aut\u00f3noma de Tamaulipas (UAT), a trav\u00e9s de su Instituto de Energ\u00eda, y la Secretar\u00eda de Desarrollo Energ\u00e9tico del Gobierno de Tamaulipas, llevar\u00e1n a cabo el Encuentro Nacional de Biocombustibles y sus Mezclas 2025, los d\u00edas 4 y 5 de septiembre, en las instalaciones del Campus Tampico.<\/p>\n<p>Este encuentro est\u00e1 dirigido a la iniciativa privada, a la comunidad estudiantil y la ciudadan\u00eda en general, para que conozcan el futuro de los biocombustibles en nuestro estado.<\/p>\n<p>Se espera la asistencia de m\u00e1s de 300 representantes de los sectores p\u00fablico, privado y social involucrados en el desarrollo de energ\u00edas alternativas, as\u00ed como acad\u00e9micos, estudiantes, investigadores, empresas e instituciones interesadas en proyectos y modelos de negocio sustentables.<\/p>\n<p>Sucedi\u00f3 en Nuevo Laredo, en el municipio gobernado por CARMEN LILIA CANTUROSAS, durante la reuni\u00f3n ordinaria de seguimiento y evaluaci\u00f3n del Sem\u00e1foro del Cuidado del Agua, la Secretar\u00eda de Recursos Hidr\u00e1ulicos de Tamaulipas present\u00f3 la actualizaci\u00f3n de colores en los 43 municipios del estado, como parte del balance hidr\u00e1ulico justificativo acompa\u00f1ado de la alcaldesa.<\/p>\n<p>El titular de la dependencia estatal, RA\u00daL QUIROGA \u00c1LVAREZ, inform\u00f3 en Nuevo Laredo, mandando una se\u00f1al de aprobaci\u00f3n como un municipio responsable en el cuidado del agua, seg\u00fan lo se\u00f1alo la ONU en su informe binacional.<\/p>\n<p>All\u00ed, frente a la alcaldesa, RAUL QUIROGA, exhort\u00f3 a los responsables del manejo del agua a \u201ctrabajar hoy para que el sem\u00e1foro siempre brille en verde\u201d, subrayando que el color rojo debe interpretarse como una alerta seria que exige acciones inmediatas para revertirlo.<\/p>\n<p>Nuevo Laredo, fue sede estatal de los responsables de los organismos operadores de agua en el estado, presentaron informes sobre las acciones que realizan para mejorar la gesti\u00f3n del recurso h\u00eddrico, en coordinaci\u00f3n con la secretar\u00eda.<\/p>\n<p>Despu\u00e9s de los acontecimientos de Reynosa, donde perdiera la vida el delegado de la FGR, EL Presidente Municipal CARLOS PE\u00d1A ORTIZ se llev\u00f3 a cabo una reuni\u00f3n presidida por el Secretario Lic. GEOVANNI BARRIOS MORENO recibiendo a los representantes de la CANIRAC Reynosa (C\u00e1mara Nacional de la Industria de Restaurantes y Alimentos Condimentados) funcionarios de la Guardia Estatal y la Direcci\u00f3n de Enlace Social de la Secretar\u00eda.<\/p>\n<p>Se abordaron temas clave de seguridad p\u00fablica en la ciudad, con especial atenci\u00f3n a la protecci\u00f3n y bienestar de los comercios del sector restaurantero.<\/p>\n<p>Como resultado, en los pr\u00f3ximos d\u00edas se organizar\u00e1n reuniones con grupos de comerciantes para llevar a cabo un encuentro general con la participaci\u00f3n de todos los socios.<\/p>\n<p>En la ciudad capital, FERNANDO GARC\u00cdA FUENTES, gerente general de la Comisi\u00f3n Municipal de Agua Potable y Alcantarillado (COMAPA) denunci\u00f3 la manipulaci\u00f3n indebida de las v\u00e1lvulas de agua sigue causando problemas serios en el suministro de agua.<\/p>\n<p>estos da\u00f1os ocurren. Hacemos un llamado a la poblaci\u00f3n para que evite estas acciones.<\/p>\n<p>Esta pr\u00e1ctica, que ocurre principalmente en colonias perif\u00e9ricas y zonas altas de la ciudad, genera da\u00f1os a las v\u00e1lvulas. Lo que significa gastos extra para la ya limitada econom\u00eda del organismo. Adem\u00e1s, la manipulaci\u00f3n de la infraestructura provoca fugas importantes en las l\u00edneas generales. Lo que obliga a suspender el servicio durante varios d\u00edas para repararlas.<\/p>\n<p>Hasta el momento, la COMAPA ha presentado tres denuncias formales, que ya est\u00e1n siendo investigadas por las autoridades correspondientes. El gerente recalc\u00f3 que estas pr\u00e1cticas afectan la capacidad del suministro de agua potable en Ciudad Victoria, y ponen en peligro una infraestructura que necesita mantenimiento constante.<\/p>\n<p>Agenda fronteriza, es distribuida por la Agencia Informaci\u00f3n y An\u00e1lisis Estad\u00edstico.<\/p>\n<p>Mi correo: humbertografico@yahoo,com.mx<\/p>\n","protected":false},"excerpt":{"rendered":"<p>UAT ORGANIZA ENCUENTRO NACIONAL DE ENERGIA Se nos vino el tiempo encima. Para impulsar el&#8230;<\/p>\n","protected":false},"author":1,"featured_media":149410,"comment_status":"closed","ping_status":"closed","sticky":false,"template":"","format":"standard","meta":{"footnotes":"","jetpack_publicize_message":"","jetpack_publicize_feature_enabled":true,"jetpack_social_post_already_shared":true,"jetpack_social_options":{"image_generator_settings":{"template":"highway","default_image_id":0,"font":"","enabled":false},"version":2}},"categories":[23],"tags":[],"class_list":["post-172183","post","type-post","status-publish","format-standard","has-post-thumbnail","hentry","category-columnas"],"jetpack_publicize_connections":[],"_links":{"self":[{"href":"https:\/\/www.buroperiodistico.com.mx\/index.php?rest_route=\/wp\/v2\/posts\/172183","targetHints":{"allow":["GET"]}}],"collection":[{"href":"https:\/\/www.buroperiodistico.com.mx\/index.php?rest_route=\/wp\/v2\/posts"}],"about":[{"href":"https:\/\/www.buroperiodistico.com.mx\/index.php?rest_route=\/wp\/v2\/types\/post"}],"author":[{"embeddable":true,"href":"https:\/\/www.buroperiodistico.com.mx\/index.php?rest_route=\/wp\/v2\/users\/1"}],"replies":[{"embeddable":true,"href":"https:\/\/www.buroperiodistico.com.mx\/index.php?rest_route=%2Fwp%2Fv2%2Fcomments&post=172183"}],"version-history":[{"count":0,"href":"https:\/\/www.buroperiodistico.com.mx\/index.php?rest_route=\/wp\/v2\/posts\/172183\/revisions"}],"wp:featuredmedia":[{"embeddable":true,"href":"https:\/\/www.buroperiodistico.com.mx\/index.php?rest_route=\/wp\/v2\/media\/149410"}],"wp:attachment":[{"href":"https:\/\/www.buroperiodistico.com.mx\/index.php?rest_route=%2Fwp%2Fv2%2Fmedia&parent=172183"}],"wp:term":[{"taxonomy":"category","embeddable":true,"href":"https:\/\/www.buroperiodistico.com.mx\/index.php?rest_route=%2Fwp%2Fv2%2Fcategories&post=172183"},{"taxonomy":"post_tag","embeddable":true,"href":"https:\/\/www.buroperiodistico.com.mx\/index.php?rest_route=%2Fwp%2Fv2%2Ftags&post=172183"}],"curies":[{"name":"wp","href":"https:\/\/api.w.org\/{rel}","templated":true}]}}