{"id":165253,"date":"2025-06-20T17:07:05","date_gmt":"2025-06-20T22:07:05","guid":{"rendered":"https:\/\/www.buroperiodistico.com.mx\/?p=165253"},"modified":"2025-06-20T17:07:05","modified_gmt":"2025-06-20T22:07:05","slug":"realiza-dif-nuevo-laredo-primera-jornada-de-vasectomias-gratuitas-en-coordinacion-con-el-hospital-general","status":"publish","type":"post","link":"https:\/\/www.buroperiodistico.com.mx\/?p=165253","title":{"rendered":"REALIZA DIF NUEVO LAREDO PRIMERA JORNADA DE VASECTOM\u00cdAS GRATUITAS EN COORDINACI\u00d3N CON EL HOSPITAL GENERAL"},"content":{"rendered":"<p dir=\"ltr\"><em><strong><img loading=\"lazy\" decoding=\"async\" class=\" wp-image-165255 alignright\" src=\"https:\/\/www.buroperiodistico.com.mx\/wp-content\/uploads\/2025\/06\/DIF-CAMPANA-VASECTOMIA.jpg\" alt=\"\" width=\"546\" height=\"307\" srcset=\"https:\/\/www.buroperiodistico.com.mx\/wp-content\/uploads\/2025\/06\/DIF-CAMPANA-VASECTOMIA.jpg 1024w, https:\/\/www.buroperiodistico.com.mx\/wp-content\/uploads\/2025\/06\/DIF-CAMPANA-VASECTOMIA-300x169.jpg 300w, https:\/\/www.buroperiodistico.com.mx\/wp-content\/uploads\/2025\/06\/DIF-CAMPANA-VASECTOMIA-768x432.jpg 768w\" sizes=\"auto, (max-width: 546px) 100vw, 546px\" \/>Nuevo Laredo, Tam (20-Junio-2025).-<\/strong><\/em> Con el objetivo de promover la paternidad responsable y brindar acceso a servicios m\u00e9dicos gratuitos, el Sistema para el Desarrollo Integral de la Familia (DIF) de Nuevo Laredo, en coordinaci\u00f3n con el Hospital General, llev\u00f3 a cabo la primera jornada de cirug\u00edas de la campa\u00f1a gratuita de vasectom\u00eda.<\/p>\n<p dir=\"ltr\">Durante esta primera jornada fueron atendidos 25 pacientes, quienes ser\u00e1n intervenidos quir\u00fargicamente como parte de esta campa\u00f1a dirigida a mayores de edad con paternidad satisfecha.<\/p>\n<p dir=\"ltr\">Las cirug\u00edas se realizaron en las instalaciones del Hospital General bajo protocolos de salud y seguridad, garantizando atenci\u00f3n profesional y de calidad.<\/p>\n<p dir=\"ltr\">El director general del Sistema DIF, Viviano V\u00e1zquez Mac\u00edas, agradeci\u00f3 a nombre de la presidenta del DIF, Claudette Canturosas Villarreal, la confianza depositada por los participantes.<\/p>\n<p dir=\"ltr\">\u201cGracias por su confianza y por tomar una decisi\u00f3n tan valiente y responsable. En el DIF reconocemos su compromiso con la salud y el bienestar de sus familias. Esta campa\u00f1a es posible gracias al trabajo conjunto con el Hospital General, y tengan la certeza de que cuentan con nuestro apoyo para seguir construyendo una mejor calidad de vida para sus seres queridos.\u201d<\/p>\n<p dir=\"ltr\">En esta campa\u00f1a ser\u00e1n atendidos 55 pacientes. Adem\u00e1s, se contar\u00e1 con un registro permanente para que quienes deseen participar en futuras jornadas puedan acudir al Sistema DIF, registrarse y ser considerados en las pr\u00f3ximas fechas.<\/p>\n<p dir=\"ltr\">Como parte del proceso de inscripci\u00f3n, se solicita presentar una identificaci\u00f3n oficial vigente y un comprobante de domicilio no mayor a tres meses. La atenci\u00f3n se brinda de lunes a viernes, de 8:00 de la ma\u00f1ana a 3:00 de la tarde, en las oficinas del Sistema DIF ubicadas en H\u00e9roe de Nacataz 2244, Fraccionamiento Ojo Caliente.<\/p>\n<p dir=\"ltr\">Con esta campa\u00f1a, el Sistema DIF Nuevo Laredo reafirma su compromiso con la salud masculina, la planificaci\u00f3n familiar y el bienestar integral de las familias, ofreciendo servicios gratuitos que permiten a m\u00e1s personas tomar decisiones responsables, seguras y con respaldo m\u00e9dico.<\/p>\n<p dir=\"ltr\"><img loading=\"lazy\" decoding=\"async\" class=\"aligncenter size-full wp-image-165254\" src=\"https:\/\/www.buroperiodistico.com.mx\/wp-content\/uploads\/2025\/06\/DIF-CAMPANA-VASECTOMIA-I.jpg\" alt=\"\" width=\"640\" height=\"427\" srcset=\"https:\/\/www.buroperiodistico.com.mx\/wp-content\/uploads\/2025\/06\/DIF-CAMPANA-VASECTOMIA-I.jpg 640w, https:\/\/www.buroperiodistico.com.mx\/wp-content\/uploads\/2025\/06\/DIF-CAMPANA-VASECTOMIA-I-300x200.jpg 300w\" sizes=\"auto, (max-width: 640px) 100vw, 640px\" \/><\/p>\n","protected":false},"excerpt":{"rendered":"<p>Nuevo Laredo, Tam (20-Junio-2025).- Con el objetivo de promover la paternidad responsable y brindar acceso&#8230;<\/p>\n","protected":false},"author":1,"featured_media":165255,"comment_status":"closed","ping_status":"closed","sticky":false,"template":"","format":"standard","meta":{"footnotes":"","jetpack_publicize_message":"","jetpack_publicize_feature_enabled":true,"jetpack_social_post_already_shared":true,"jetpack_social_options":{"image_generator_settings":{"template":"highway","default_image_id":0,"font":"","enabled":false},"version":2}},"categories":[16],"tags":[],"class_list":["post-165253","post","type-post","status-publish","format-standard","has-post-thumbnail","hentry","category-nuevolaredo"],"jetpack_publicize_connections":[],"_links":{"self":[{"href":"https:\/\/www.buroperiodistico.com.mx\/index.php?rest_route=\/wp\/v2\/posts\/165253","targetHints":{"allow":["GET"]}}],"collection":[{"href":"https:\/\/www.buroperiodistico.com.mx\/index.php?rest_route=\/wp\/v2\/posts"}],"about":[{"href":"https:\/\/www.buroperiodistico.com.mx\/index.php?rest_route=\/wp\/v2\/types\/post"}],"author":[{"embeddable":true,"href":"https:\/\/www.buroperiodistico.com.mx\/index.php?rest_route=\/wp\/v2\/users\/1"}],"replies":[{"embeddable":true,"href":"https:\/\/www.buroperiodistico.com.mx\/index.php?rest_route=%2Fwp%2Fv2%2Fcomments&post=165253"}],"version-history":[{"count":0,"href":"https:\/\/www.buroperiodistico.com.mx\/index.php?rest_route=\/wp\/v2\/posts\/165253\/revisions"}],"wp:featuredmedia":[{"embeddable":true,"href":"https:\/\/www.buroperiodistico.com.mx\/index.php?rest_route=\/wp\/v2\/media\/165255"}],"wp:attachment":[{"href":"https:\/\/www.buroperiodistico.com.mx\/index.php?rest_route=%2Fwp%2Fv2%2Fmedia&parent=165253"}],"wp:term":[{"taxonomy":"category","embeddable":true,"href":"https:\/\/www.buroperiodistico.com.mx\/index.php?rest_route=%2Fwp%2Fv2%2Fcategories&post=165253"},{"taxonomy":"post_tag","embeddable":true,"href":"https:\/\/www.buroperiodistico.com.mx\/index.php?rest_route=%2Fwp%2Fv2%2Ftags&post=165253"}],"curies":[{"name":"wp","href":"https:\/\/api.w.org\/{rel}","templated":true}]}}