{"id":165237,"date":"2025-06-20T16:13:04","date_gmt":"2025-06-20T21:13:04","guid":{"rendered":"https:\/\/www.buroperiodistico.com.mx\/?p=165237"},"modified":"2025-06-20T16:13:04","modified_gmt":"2025-06-20T21:13:04","slug":"entrego-carlos-pena-ortiz-mas-refrigeradores-a-familias-damnificadas","status":"publish","type":"post","link":"https:\/\/www.buroperiodistico.com.mx\/?p=165237","title":{"rendered":"Entreg\u00f3 Carlos Pe\u00f1a Ortiz m\u00e1s Refrigeradores a Familias Damnificadas"},"content":{"rendered":"<p><em><strong><img loading=\"lazy\" decoding=\"async\" class=\" wp-image-165243 alignright\" src=\"https:\/\/www.buroperiodistico.com.mx\/wp-content\/uploads\/2025\/06\/CPOx-11.jpeg\" alt=\"\" width=\"539\" height=\"326\" srcset=\"https:\/\/www.buroperiodistico.com.mx\/wp-content\/uploads\/2025\/06\/CPOx-11.jpeg 1024w, https:\/\/www.buroperiodistico.com.mx\/wp-content\/uploads\/2025\/06\/CPOx-11-300x181.jpeg 300w, https:\/\/www.buroperiodistico.com.mx\/wp-content\/uploads\/2025\/06\/CPOx-11-768x464.jpeg 768w\" sizes=\"auto, (max-width: 539px) 100vw, 539px\" \/>Reynosa, Tam (20-Junio-2025).-<\/strong><\/em> El Presidente Municipal Carlos Pe\u00f1a Ortiz entreg\u00f3 refrigeradores a familias que perdieron sus pertenencias debido a la tormenta del mes de marzo, un acto que demuestra el compromiso del Gobierno de Reynosa con sus ciudadanos y su disposici\u00f3n a brindar apoyo en momentos de necesidad.<\/p>\n<p>\u00abNos complace much\u00edsimo que nos acompa\u00f1en. Quiero agradecer a todos los beneficiarios por estar aqu\u00ed, seguimos entregando apoyos a los afectados por las lluvias del mes de marzo, y esperamos concluir pronto\u00bb.<\/p>\n<p>\u00abAdem\u00e1s de los refrigeradores que estamos entregando hoy, tenemos varios programas disponibles para ustedes, y esperamos que puedan beneficiarse en el pr\u00f3ximo mes\u00bb, agreg\u00f3 el Alcalde.<\/p>\n<p>En este programa emergente el Municipio don\u00f3 enseres, que incluyen:<br \/>\n&#8211; Refrigeradores<br \/>\n&#8211; Estufas<br \/>\n&#8211; Parrillas<br \/>\n&#8211; Colchones<br \/>\n&#8211; Kits de limpieza<\/p>\n<p>Ha sido un apoyo fundamental para la recuperaci\u00f3n de los damnificados, un gesto de solidaridad del Gobierno Municipal por acuerdo del Presidente y la irrestricta voluntad del Cabildo para el bienestar de la comunidad.<\/p>\n<p>#ReynosaImparable<br \/>\n#GobiernoMunicipalDeReynosa<\/p>\n<p><img loading=\"lazy\" decoding=\"async\" class=\"aligncenter size-full wp-image-165238\" src=\"https:\/\/www.buroperiodistico.com.mx\/wp-content\/uploads\/2025\/06\/CPOx-I-13.jpeg\" alt=\"\" width=\"640\" height=\"427\" srcset=\"https:\/\/www.buroperiodistico.com.mx\/wp-content\/uploads\/2025\/06\/CPOx-I-13.jpeg 640w, https:\/\/www.buroperiodistico.com.mx\/wp-content\/uploads\/2025\/06\/CPOx-I-13-300x200.jpeg 300w\" sizes=\"auto, (max-width: 640px) 100vw, 640px\" \/> <img loading=\"lazy\" decoding=\"async\" class=\"aligncenter size-full wp-image-165242\" src=\"https:\/\/www.buroperiodistico.com.mx\/wp-content\/uploads\/2025\/06\/CPOx-IIIII-6.jpeg\" alt=\"\" width=\"480\" height=\"495\" srcset=\"https:\/\/www.buroperiodistico.com.mx\/wp-content\/uploads\/2025\/06\/CPOx-IIIII-6.jpeg 480w, https:\/\/www.buroperiodistico.com.mx\/wp-content\/uploads\/2025\/06\/CPOx-IIIII-6-291x300.jpeg 291w\" sizes=\"auto, (max-width: 480px) 100vw, 480px\" \/> <img loading=\"lazy\" decoding=\"async\" class=\"aligncenter size-full wp-image-165241\" src=\"https:\/\/www.buroperiodistico.com.mx\/wp-content\/uploads\/2025\/06\/CPOx-IIII-8.jpeg\" alt=\"\" width=\"640\" height=\"427\" srcset=\"https:\/\/www.buroperiodistico.com.mx\/wp-content\/uploads\/2025\/06\/CPOx-IIII-8.jpeg 640w, https:\/\/www.buroperiodistico.com.mx\/wp-content\/uploads\/2025\/06\/CPOx-IIII-8-300x200.jpeg 300w\" sizes=\"auto, (max-width: 640px) 100vw, 640px\" \/> <img loading=\"lazy\" decoding=\"async\" class=\"aligncenter size-full wp-image-165240\" src=\"https:\/\/www.buroperiodistico.com.mx\/wp-content\/uploads\/2025\/06\/CPOx-III-9.jpeg\" alt=\"\" width=\"640\" height=\"427\" srcset=\"https:\/\/www.buroperiodistico.com.mx\/wp-content\/uploads\/2025\/06\/CPOx-III-9.jpeg 640w, https:\/\/www.buroperiodistico.com.mx\/wp-content\/uploads\/2025\/06\/CPOx-III-9-300x200.jpeg 300w\" sizes=\"auto, (max-width: 640px) 100vw, 640px\" \/> <img loading=\"lazy\" decoding=\"async\" class=\"aligncenter size-full wp-image-165239\" src=\"https:\/\/www.buroperiodistico.com.mx\/wp-content\/uploads\/2025\/06\/CPOx-II-9.jpeg\" alt=\"\" width=\"640\" height=\"427\" srcset=\"https:\/\/www.buroperiodistico.com.mx\/wp-content\/uploads\/2025\/06\/CPOx-II-9.jpeg 640w, https:\/\/www.buroperiodistico.com.mx\/wp-content\/uploads\/2025\/06\/CPOx-II-9-300x200.jpeg 300w\" sizes=\"auto, (max-width: 640px) 100vw, 640px\" \/><\/p>\n","protected":false},"excerpt":{"rendered":"<p>Reynosa, Tam (20-Junio-2025).- El Presidente Municipal Carlos Pe\u00f1a Ortiz entreg\u00f3 refrigeradores a familias que perdieron&#8230;<\/p>\n","protected":false},"author":1,"featured_media":165243,"comment_status":"closed","ping_status":"closed","sticky":false,"template":"","format":"standard","meta":{"footnotes":"","jetpack_publicize_message":"","jetpack_publicize_feature_enabled":true,"jetpack_social_post_already_shared":true,"jetpack_social_options":{"image_generator_settings":{"template":"highway","default_image_id":0,"font":"","enabled":false},"version":2}},"categories":[25,9],"tags":[],"class_list":["post-165237","post","type-post","status-publish","format-standard","has-post-thumbnail","hentry","category-portada","category-reynosa"],"jetpack_publicize_connections":[],"_links":{"self":[{"href":"https:\/\/www.buroperiodistico.com.mx\/index.php?rest_route=\/wp\/v2\/posts\/165237","targetHints":{"allow":["GET"]}}],"collection":[{"href":"https:\/\/www.buroperiodistico.com.mx\/index.php?rest_route=\/wp\/v2\/posts"}],"about":[{"href":"https:\/\/www.buroperiodistico.com.mx\/index.php?rest_route=\/wp\/v2\/types\/post"}],"author":[{"embeddable":true,"href":"https:\/\/www.buroperiodistico.com.mx\/index.php?rest_route=\/wp\/v2\/users\/1"}],"replies":[{"embeddable":true,"href":"https:\/\/www.buroperiodistico.com.mx\/index.php?rest_route=%2Fwp%2Fv2%2Fcomments&post=165237"}],"version-history":[{"count":0,"href":"https:\/\/www.buroperiodistico.com.mx\/index.php?rest_route=\/wp\/v2\/posts\/165237\/revisions"}],"wp:featuredmedia":[{"embeddable":true,"href":"https:\/\/www.buroperiodistico.com.mx\/index.php?rest_route=\/wp\/v2\/media\/165243"}],"wp:attachment":[{"href":"https:\/\/www.buroperiodistico.com.mx\/index.php?rest_route=%2Fwp%2Fv2%2Fmedia&parent=165237"}],"wp:term":[{"taxonomy":"category","embeddable":true,"href":"https:\/\/www.buroperiodistico.com.mx\/index.php?rest_route=%2Fwp%2Fv2%2Fcategories&post=165237"},{"taxonomy":"post_tag","embeddable":true,"href":"https:\/\/www.buroperiodistico.com.mx\/index.php?rest_route=%2Fwp%2Fv2%2Ftags&post=165237"}],"curies":[{"name":"wp","href":"https:\/\/api.w.org\/{rel}","templated":true}]}}