{"id":165220,"date":"2025-06-20T14:30:28","date_gmt":"2025-06-20T19:30:28","guid":{"rendered":"https:\/\/www.buroperiodistico.com.mx\/?p=165220"},"modified":"2025-06-20T14:30:28","modified_gmt":"2025-06-20T19:30:28","slug":"distingue-set-a-maestras-y-maestros-del-itnld-por-30-y-40-anos-de-servicio-educativo","status":"publish","type":"post","link":"https:\/\/www.buroperiodistico.com.mx\/?p=165220","title":{"rendered":"Distingue SET a maestras y maestros del ITNLD por 30 y 40 a\u00f1os de servicio educativo"},"content":{"rendered":"<p><em><strong><img loading=\"lazy\" decoding=\"async\" class=\" wp-image-165225 alignright\" src=\"https:\/\/www.buroperiodistico.com.mx\/wp-content\/uploads\/2025\/06\/SETeducativo.jpeg\" alt=\"\" width=\"530\" height=\"332\" srcset=\"https:\/\/www.buroperiodistico.com.mx\/wp-content\/uploads\/2025\/06\/SETeducativo.jpeg 1024w, https:\/\/www.buroperiodistico.com.mx\/wp-content\/uploads\/2025\/06\/SETeducativo-300x188.jpeg 300w, https:\/\/www.buroperiodistico.com.mx\/wp-content\/uploads\/2025\/06\/SETeducativo-768x482.jpeg 768w\" sizes=\"auto, (max-width: 530px) 100vw, 530px\" \/>Nuevo Laredo, Tamaulipas (20-Junio-2025).-<\/strong><\/em> Miguel \u00c1ngel Valdez Garc\u00eda, secretario de Educaci\u00f3n de Tamaulipas, entreg\u00f3 las medallas \u201cMaestro Altamirano\u201d y \u201cRafael Ram\u00edrez\u201d, en reconocimiento por 40 y 30 a\u00f1os de servicio, respectivamente, a docentes del Instituto Tecnol\u00f3gico de Nuevo Laredo (ITNLD).<\/p>\n<p>El titular del sector educativo en el estado, felicit\u00f3 a las maestras y maestros galardonados, y celebr\u00f3 su labor educativa de tres y cuatro d\u00e9cadas en las aulas, siendo un ejemplo de responsabilidad y vocaci\u00f3n para las nuevas generaciones, as\u00ed como referentes en el fortalecimiento de la educaci\u00f3n superior tecnol\u00f3gica.<\/p>\n<p>Se\u00f1al\u00f3 que estas medallas, otorgadas por el Gobierno Federal a trav\u00e9s de la Secretar\u00eda de Educaci\u00f3n P\u00fablica (SEP) y entregadas por las instituciones educativas estatales, son un homenaje a la perseverancia, vocaci\u00f3n y compromiso de las y los docentes con la ense\u00f1anza.<\/p>\n<p>Las maestras y maestros que recibieron la medalla \u201cMaestro Altamirano\u201d, por 40 a\u00f1os de servicio, fueron: Jos\u00e9 Alfredo Guerrero Villa, Jorge Alberto Molina Rodr\u00edguez, Jos\u00e9 Luis Ochoa Espinoza, Juan Guzm\u00e1n Castillo e Ignacio Soules M\u00e9ndez. Mientras que, por 30 a\u00f1os de servicio, fueron reconocidos: Joel D\u00edaz Rodr\u00edguez, Jos\u00e9 Feliciano Ventura Gonz\u00e1lez y Bruno L\u00f3pez Takeyas.<\/p>\n<p>Previo a la entrega de estos reconocimientos, Miguel \u00c1ngel Valdez Garc\u00eda, acompa\u00f1ado por Benito S\u00e1nchez Raya, director del ITNLD, recorri\u00f3 las instalaciones de la instituci\u00f3n, conoci\u00f3 los laboratorios y constat\u00f3 el trabajo especializado que se realiza en cada una de las carreras del plantel, como parte de la formaci\u00f3n integral de las y los estudiantes.<\/p>\n<p>En un di\u00e1logo con directivos y docentes, se abordaron temas estrat\u00e9gicos como la apertura de una nueva carrera de Ingenier\u00eda en Log\u00edstica y el pr\u00f3ximo lanzamiento de un programa de posgrado, as\u00ed como las proyecciones de crecimiento de la matr\u00edcula estudiantil, como resultado del fortalecimiento de la oferta educativa del instituto.<\/p>\n<p>Valdez Garc\u00eda subray\u00f3 el compromiso que el gobernador Am\u00e9rico Villarreal Anaya tiene con la educaci\u00f3n superior, y reiter\u00f3 que en el sector educativo estatal todos los d\u00edas se trabaja para brindar a las y los universitarios una educaci\u00f3n integral, inclusiva y de calidad, acorde con lo que demanda el mercado laboral y la sociedad actual.<\/p>\n","protected":false},"excerpt":{"rendered":"<p>Nuevo Laredo, Tamaulipas (20-Junio-2025).- Miguel \u00c1ngel Valdez Garc\u00eda, secretario de Educaci\u00f3n de Tamaulipas, entreg\u00f3 las&#8230;<\/p>\n","protected":false},"author":1,"featured_media":165225,"comment_status":"closed","ping_status":"closed","sticky":false,"template":"","format":"standard","meta":{"footnotes":"","jetpack_publicize_message":"","jetpack_publicize_feature_enabled":true,"jetpack_social_post_already_shared":true,"jetpack_social_options":{"image_generator_settings":{"template":"highway","default_image_id":0,"font":"","enabled":false},"version":2}},"categories":[10],"tags":[],"class_list":["post-165220","post","type-post","status-publish","format-standard","has-post-thumbnail","hentry","category-tamaulipas"],"jetpack_publicize_connections":[],"_links":{"self":[{"href":"https:\/\/www.buroperiodistico.com.mx\/index.php?rest_route=\/wp\/v2\/posts\/165220","targetHints":{"allow":["GET"]}}],"collection":[{"href":"https:\/\/www.buroperiodistico.com.mx\/index.php?rest_route=\/wp\/v2\/posts"}],"about":[{"href":"https:\/\/www.buroperiodistico.com.mx\/index.php?rest_route=\/wp\/v2\/types\/post"}],"author":[{"embeddable":true,"href":"https:\/\/www.buroperiodistico.com.mx\/index.php?rest_route=\/wp\/v2\/users\/1"}],"replies":[{"embeddable":true,"href":"https:\/\/www.buroperiodistico.com.mx\/index.php?rest_route=%2Fwp%2Fv2%2Fcomments&post=165220"}],"version-history":[{"count":0,"href":"https:\/\/www.buroperiodistico.com.mx\/index.php?rest_route=\/wp\/v2\/posts\/165220\/revisions"}],"wp:featuredmedia":[{"embeddable":true,"href":"https:\/\/www.buroperiodistico.com.mx\/index.php?rest_route=\/wp\/v2\/media\/165225"}],"wp:attachment":[{"href":"https:\/\/www.buroperiodistico.com.mx\/index.php?rest_route=%2Fwp%2Fv2%2Fmedia&parent=165220"}],"wp:term":[{"taxonomy":"category","embeddable":true,"href":"https:\/\/www.buroperiodistico.com.mx\/index.php?rest_route=%2Fwp%2Fv2%2Fcategories&post=165220"},{"taxonomy":"post_tag","embeddable":true,"href":"https:\/\/www.buroperiodistico.com.mx\/index.php?rest_route=%2Fwp%2Fv2%2Ftags&post=165220"}],"curies":[{"name":"wp","href":"https:\/\/api.w.org\/{rel}","templated":true}]}}