{"id":165210,"date":"2025-06-20T14:18:54","date_gmt":"2025-06-20T19:18:54","guid":{"rendered":"https:\/\/www.buroperiodistico.com.mx\/?p=165210"},"modified":"2025-06-20T14:18:54","modified_gmt":"2025-06-20T19:18:54","slug":"invita-dif-reynosa-a-registrarse-en-convocatoria-para-matrimonios-colectivos-2025","status":"publish","type":"post","link":"https:\/\/www.buroperiodistico.com.mx\/?p=165210","title":{"rendered":"Invita DIF-Reynosa a registrarse en convocatoria para Matrimonios Colectivos 2025"},"content":{"rendered":"<ul>\n<li><strong><em>Apoyo gratuito para las parejas.<\/em><\/strong><\/li>\n<\/ul>\n<p><strong><img loading=\"lazy\" decoding=\"async\" class=\" wp-image-165211 alignright\" src=\"https:\/\/www.buroperiodistico.com.mx\/wp-content\/uploads\/2025\/06\/DIFx-6.jpg\" alt=\"\" width=\"629\" height=\"340\" srcset=\"https:\/\/www.buroperiodistico.com.mx\/wp-content\/uploads\/2025\/06\/DIFx-6.jpg 1110w, https:\/\/www.buroperiodistico.com.mx\/wp-content\/uploads\/2025\/06\/DIFx-6-300x162.jpg 300w, https:\/\/www.buroperiodistico.com.mx\/wp-content\/uploads\/2025\/06\/DIFx-6-1024x554.jpg 1024w, https:\/\/www.buroperiodistico.com.mx\/wp-content\/uploads\/2025\/06\/DIFx-6-768x415.jpg 768w\" sizes=\"auto, (max-width: 629px) 100vw, 629px\" \/>Reynosa, Tam (20-Junio-2025).-<\/strong> Por instrucciones del Alcalde Carlos Pe\u00f1a Ortiz, el Sistema DIF-Reynosa, que preside Carlos Luis Pe\u00f1a Garza, invita a participar en la convocatoria de Matrimonios Colectivos 2025, una iniciativa que busca dar certeza jur\u00eddica a la uni\u00f3n de parejas de forma completamente gratuita.<\/p>\n<p>Los interesados podr\u00e1n acudir a las instalaciones del DIF Central, ubicadas en Blvd. Hidalgo #1900, colonia Hidalgo, en horario de lunes a viernes de 8:00 de la ma\u00f1ana a 4:00 de la tarde, donde deber\u00e1n presentar la documentaci\u00f3n requerida como acta de nacimiento, CURP, identificaci\u00f3n oficial, certificados de salud y de no deudor alimentario, entre otros: el \u00faltimo d\u00eda para inscribirse es el viernes 18 de julio.<\/p>\n<p>Este esfuerzo, forma parte del compromiso del Gobierno Municipal de fortalecer el n\u00facleo familiar y brindar oportunidades a las parejas, para m\u00e1s informaci\u00f3n, se puede llamar al 8999230432.<\/p>\n","protected":false},"excerpt":{"rendered":"<p>Apoyo gratuito para las parejas. Reynosa, Tam (20-Junio-2025).- Por instrucciones del Alcalde Carlos Pe\u00f1a Ortiz,&#8230;<\/p>\n","protected":false},"author":1,"featured_media":165211,"comment_status":"closed","ping_status":"closed","sticky":false,"template":"","format":"standard","meta":{"footnotes":"","jetpack_publicize_message":"","jetpack_publicize_feature_enabled":true,"jetpack_social_post_already_shared":true,"jetpack_social_options":{"image_generator_settings":{"template":"highway","default_image_id":0,"font":"","enabled":false},"version":2}},"categories":[9],"tags":[],"class_list":["post-165210","post","type-post","status-publish","format-standard","has-post-thumbnail","hentry","category-reynosa"],"jetpack_publicize_connections":[],"_links":{"self":[{"href":"https:\/\/www.buroperiodistico.com.mx\/index.php?rest_route=\/wp\/v2\/posts\/165210","targetHints":{"allow":["GET"]}}],"collection":[{"href":"https:\/\/www.buroperiodistico.com.mx\/index.php?rest_route=\/wp\/v2\/posts"}],"about":[{"href":"https:\/\/www.buroperiodistico.com.mx\/index.php?rest_route=\/wp\/v2\/types\/post"}],"author":[{"embeddable":true,"href":"https:\/\/www.buroperiodistico.com.mx\/index.php?rest_route=\/wp\/v2\/users\/1"}],"replies":[{"embeddable":true,"href":"https:\/\/www.buroperiodistico.com.mx\/index.php?rest_route=%2Fwp%2Fv2%2Fcomments&post=165210"}],"version-history":[{"count":0,"href":"https:\/\/www.buroperiodistico.com.mx\/index.php?rest_route=\/wp\/v2\/posts\/165210\/revisions"}],"wp:featuredmedia":[{"embeddable":true,"href":"https:\/\/www.buroperiodistico.com.mx\/index.php?rest_route=\/wp\/v2\/media\/165211"}],"wp:attachment":[{"href":"https:\/\/www.buroperiodistico.com.mx\/index.php?rest_route=%2Fwp%2Fv2%2Fmedia&parent=165210"}],"wp:term":[{"taxonomy":"category","embeddable":true,"href":"https:\/\/www.buroperiodistico.com.mx\/index.php?rest_route=%2Fwp%2Fv2%2Fcategories&post=165210"},{"taxonomy":"post_tag","embeddable":true,"href":"https:\/\/www.buroperiodistico.com.mx\/index.php?rest_route=%2Fwp%2Fv2%2Ftags&post=165210"}],"curies":[{"name":"wp","href":"https:\/\/api.w.org\/{rel}","templated":true}]}}