{"id":165203,"date":"2025-06-20T12:48:10","date_gmt":"2025-06-20T17:48:10","guid":{"rendered":"https:\/\/www.buroperiodistico.com.mx\/?p=165203"},"modified":"2025-06-20T12:48:10","modified_gmt":"2025-06-20T17:48:10","slug":"impulsa-stps-movilidad-laboral-con-envio-de-trabajadores-al-extranjero","status":"publish","type":"post","link":"https:\/\/www.buroperiodistico.com.mx\/?p=165203","title":{"rendered":"Impulsa STPS movilidad laboral con env\u00edo de trabajadores al extranjero"},"content":{"rendered":"<p><em><strong><img loading=\"lazy\" decoding=\"async\" class=\" wp-image-165208 alignright\" src=\"https:\/\/www.buroperiodistico.com.mx\/wp-content\/uploads\/2025\/06\/STRextranjero.jpeg\" alt=\"\" width=\"510\" height=\"310\" srcset=\"https:\/\/www.buroperiodistico.com.mx\/wp-content\/uploads\/2025\/06\/STRextranjero.jpeg 1024w, https:\/\/www.buroperiodistico.com.mx\/wp-content\/uploads\/2025\/06\/STRextranjero-300x183.jpeg 300w, https:\/\/www.buroperiodistico.com.mx\/wp-content\/uploads\/2025\/06\/STRextranjero-768x467.jpeg 768w\" sizes=\"auto, (max-width: 510px) 100vw, 510px\" \/>Ciudad Victoria, Tamaulipas (20-Junio-2025).-<\/strong><\/em> La Secretar\u00eda del Trabajo y Previsi\u00f3n Social, que dirige Luis Gerardo Illoldi Reyes, a trav\u00e9s de la Subsecretar\u00eda de Empleo y Previsi\u00f3n Social, guiada por Carolina Iveth Mart\u00ednez Molano, realiz\u00f3 la entrega oficial de sobres de viaje a dos trabajadores tamaulipecos contratados para laborar en el sector agr\u00edcola de Canad\u00e1, como parte del Programa de Trabajadores Agr\u00edcolas Temporales (PTAT).<\/p>\n<p>Los beneficiarios son originarios de los municipios de Jaumave y G\u00fc\u00e9mez, quienes, tras cumplir con todos los requisitos del programa, fueron seleccionados para integrarse de manera legal y segura al mercado laboral canadiense, representando con orgullo a Tamaulipas en el extranjero.<\/p>\n<p>La subsecretaria Carolina Iveth Mart\u00ednez Molano, reiter\u00f3 el compromiso del gobierno estatal con el impulso de esquemas de movilidad laboral que mejoren las condiciones de vida de las y los trabajadores.<\/p>\n<p>Durante el evento, se hizo entrega de la documentaci\u00f3n correspondiente para su salida del pa\u00eds: permiso de trabajo (VISA), carta compromiso, informaci\u00f3n de vuelo, hoja de desglose de ingresos, hoja de desglose para reporte de retorno, LMIA (Evaluaci\u00f3n del Impacto en el Mercado Laboral) y pasaporte.<\/p>\n<p>Este programa forma parte de las acciones estrat\u00e9gicas que promueve el gobierno humanista y de la transformaci\u00f3n que lidera el gobernador, Am\u00e9rico Villarreal Anaya, colocando al ser humano en el centro de las pol\u00edticas p\u00fablicas y creando oportunidades laborales que dignifican, protegen y generan bienestar para las familias tamaulipecas.<\/p>\n<p>El secretario del Trabajo y Previsi\u00f3n Social, Luis Gerardo Illoldi Reyes, destac\u00f3 que este tipo de programas no solo representan una fuente de ingresos segura, sino que tambi\u00e9n fortalecen los v\u00ednculos laborales internacionales y posicionan a Tamaulipas como un estado con fuerza de trabajo calificada y comprometida.<\/p>\n<p><img loading=\"lazy\" decoding=\"async\" class=\"aligncenter size-full wp-image-165204\" src=\"https:\/\/www.buroperiodistico.com.mx\/wp-content\/uploads\/2025\/06\/STRextranjero-I.jpeg\" alt=\"\" width=\"640\" height=\"426\" srcset=\"https:\/\/www.buroperiodistico.com.mx\/wp-content\/uploads\/2025\/06\/STRextranjero-I.jpeg 640w, https:\/\/www.buroperiodistico.com.mx\/wp-content\/uploads\/2025\/06\/STRextranjero-I-300x200.jpeg 300w\" sizes=\"auto, (max-width: 640px) 100vw, 640px\" \/> <img loading=\"lazy\" decoding=\"async\" class=\"aligncenter size-full wp-image-165207\" src=\"https:\/\/www.buroperiodistico.com.mx\/wp-content\/uploads\/2025\/06\/STRextranjero-IIII.jpeg\" alt=\"\" width=\"640\" height=\"426\" srcset=\"https:\/\/www.buroperiodistico.com.mx\/wp-content\/uploads\/2025\/06\/STRextranjero-IIII.jpeg 640w, https:\/\/www.buroperiodistico.com.mx\/wp-content\/uploads\/2025\/06\/STRextranjero-IIII-300x200.jpeg 300w\" sizes=\"auto, (max-width: 640px) 100vw, 640px\" \/> <img loading=\"lazy\" decoding=\"async\" class=\"aligncenter size-full wp-image-165206\" src=\"https:\/\/www.buroperiodistico.com.mx\/wp-content\/uploads\/2025\/06\/STRextranjero-III.jpeg\" alt=\"\" width=\"640\" height=\"426\" srcset=\"https:\/\/www.buroperiodistico.com.mx\/wp-content\/uploads\/2025\/06\/STRextranjero-III.jpeg 640w, https:\/\/www.buroperiodistico.com.mx\/wp-content\/uploads\/2025\/06\/STRextranjero-III-300x200.jpeg 300w\" sizes=\"auto, (max-width: 640px) 100vw, 640px\" \/> <img loading=\"lazy\" decoding=\"async\" class=\"aligncenter size-full wp-image-165205\" src=\"https:\/\/www.buroperiodistico.com.mx\/wp-content\/uploads\/2025\/06\/STRextranjero-II.jpeg\" alt=\"\" width=\"640\" height=\"426\" srcset=\"https:\/\/www.buroperiodistico.com.mx\/wp-content\/uploads\/2025\/06\/STRextranjero-II.jpeg 640w, https:\/\/www.buroperiodistico.com.mx\/wp-content\/uploads\/2025\/06\/STRextranjero-II-300x200.jpeg 300w\" sizes=\"auto, (max-width: 640px) 100vw, 640px\" \/><\/p>\n","protected":false},"excerpt":{"rendered":"<p>Ciudad Victoria, Tamaulipas (20-Junio-2025).- La Secretar\u00eda del Trabajo y Previsi\u00f3n Social, que dirige Luis Gerardo&#8230;<\/p>\n","protected":false},"author":1,"featured_media":165208,"comment_status":"closed","ping_status":"closed","sticky":false,"template":"","format":"standard","meta":{"footnotes":"","jetpack_publicize_message":"","jetpack_publicize_feature_enabled":true,"jetpack_social_post_already_shared":true,"jetpack_social_options":{"image_generator_settings":{"template":"highway","default_image_id":0,"font":"","enabled":false},"version":2}},"categories":[10],"tags":[],"class_list":["post-165203","post","type-post","status-publish","format-standard","has-post-thumbnail","hentry","category-tamaulipas"],"jetpack_publicize_connections":[],"_links":{"self":[{"href":"https:\/\/www.buroperiodistico.com.mx\/index.php?rest_route=\/wp\/v2\/posts\/165203","targetHints":{"allow":["GET"]}}],"collection":[{"href":"https:\/\/www.buroperiodistico.com.mx\/index.php?rest_route=\/wp\/v2\/posts"}],"about":[{"href":"https:\/\/www.buroperiodistico.com.mx\/index.php?rest_route=\/wp\/v2\/types\/post"}],"author":[{"embeddable":true,"href":"https:\/\/www.buroperiodistico.com.mx\/index.php?rest_route=\/wp\/v2\/users\/1"}],"replies":[{"embeddable":true,"href":"https:\/\/www.buroperiodistico.com.mx\/index.php?rest_route=%2Fwp%2Fv2%2Fcomments&post=165203"}],"version-history":[{"count":0,"href":"https:\/\/www.buroperiodistico.com.mx\/index.php?rest_route=\/wp\/v2\/posts\/165203\/revisions"}],"wp:featuredmedia":[{"embeddable":true,"href":"https:\/\/www.buroperiodistico.com.mx\/index.php?rest_route=\/wp\/v2\/media\/165208"}],"wp:attachment":[{"href":"https:\/\/www.buroperiodistico.com.mx\/index.php?rest_route=%2Fwp%2Fv2%2Fmedia&parent=165203"}],"wp:term":[{"taxonomy":"category","embeddable":true,"href":"https:\/\/www.buroperiodistico.com.mx\/index.php?rest_route=%2Fwp%2Fv2%2Fcategories&post=165203"},{"taxonomy":"post_tag","embeddable":true,"href":"https:\/\/www.buroperiodistico.com.mx\/index.php?rest_route=%2Fwp%2Fv2%2Ftags&post=165203"}],"curies":[{"name":"wp","href":"https:\/\/api.w.org\/{rel}","templated":true}]}}