{"id":165197,"date":"2025-06-20T12:41:47","date_gmt":"2025-06-20T17:41:47","guid":{"rendered":"https:\/\/www.buroperiodistico.com.mx\/?p=165197"},"modified":"2025-06-20T12:41:47","modified_gmt":"2025-06-20T17:41:47","slug":"invita-gobierno-de-reynosa-a-las-actividades-deportivas-y-culturales-este-fin-de-semana","status":"publish","type":"post","link":"https:\/\/www.buroperiodistico.com.mx\/?p=165197","title":{"rendered":"Invita Gobierno de Reynosa a las actividades deportivas y culturales este fin de semana"},"content":{"rendered":"<p><em><strong><img loading=\"lazy\" decoding=\"async\" class=\" wp-image-165201 alignright\" src=\"https:\/\/www.buroperiodistico.com.mx\/wp-content\/uploads\/2025\/06\/Ejerxito.jpeg\" alt=\"\" width=\"537\" height=\"333\" srcset=\"https:\/\/www.buroperiodistico.com.mx\/wp-content\/uploads\/2025\/06\/Ejerxito.jpeg 1024w, https:\/\/www.buroperiodistico.com.mx\/wp-content\/uploads\/2025\/06\/Ejerxito-300x186.jpeg 300w, https:\/\/www.buroperiodistico.com.mx\/wp-content\/uploads\/2025\/06\/Ejerxito-768x476.jpeg 768w\" sizes=\"auto, (max-width: 537px) 100vw, 537px\" \/>Reynosa, Tam (20-Junio-2025).-<\/strong><\/em> El Alcalde Carlos Pe\u00f1a Ortiz invita a toda la ciudadan\u00eda a disfrutar de las actividades que se llevar\u00e1n a cabo este fin de semana en el Polideportivo Reynosa, como parte del impulso permanente al deporte, la cultura y la convivencia familiar.<\/p>\n<p>Entre los eventos destacados se encuentra Reynosa Fit, una jornada deportiva abierta al p\u00fablico que se realizar\u00e1 este s\u00e1bado 21 de junio a partir de las 7 de la ma\u00f1ana, promoviendo el ejercicio f\u00edsico y el bienestar integral de los asistentes.<\/p>\n<p>Asimismo, contin\u00faa la Exposici\u00f3n Militar \u201cLa Gran Fuerza de M\u00e9xico\u201d, una muestra organizada por el Ej\u00e9rcito Mexicano que estar\u00e1 disponible hasta el 13 de julio, donde las familias podr\u00e1n conocer de cerca el trabajo, equipo y valores de nuestras Fuerzas Armadas.<\/p>\n<p>El Instituto Municipal del Deporte ha puesto a disposici\u00f3n sus instalaciones y log\u00edstica para la correcta realizaci\u00f3n de ambos eventos, reafirmando el compromiso del Gobierno Municipal con el desarrollo social y la inclusi\u00f3n a trav\u00e9s de actividades de alto impacto para la comunidad.<\/p>\n<p>#ReynosaImparable<br \/>\n#ReynosaFit2025<br \/>\n#LaGranFuerzaDeM\u00e9xico<\/p>\n<p><img loading=\"lazy\" decoding=\"async\" class=\"aligncenter size-full wp-image-165198\" src=\"https:\/\/www.buroperiodistico.com.mx\/wp-content\/uploads\/2025\/06\/Ejerxito-I.jpeg\" alt=\"\" width=\"640\" height=\"427\" srcset=\"https:\/\/www.buroperiodistico.com.mx\/wp-content\/uploads\/2025\/06\/Ejerxito-I.jpeg 640w, https:\/\/www.buroperiodistico.com.mx\/wp-content\/uploads\/2025\/06\/Ejerxito-I-300x200.jpeg 300w\" sizes=\"auto, (max-width: 640px) 100vw, 640px\" \/> <img loading=\"lazy\" decoding=\"async\" class=\"aligncenter size-full wp-image-165200\" src=\"https:\/\/www.buroperiodistico.com.mx\/wp-content\/uploads\/2025\/06\/Ejerxito-III.jpeg\" alt=\"\" width=\"480\" height=\"597\" srcset=\"https:\/\/www.buroperiodistico.com.mx\/wp-content\/uploads\/2025\/06\/Ejerxito-III.jpeg 480w, https:\/\/www.buroperiodistico.com.mx\/wp-content\/uploads\/2025\/06\/Ejerxito-III-241x300.jpeg 241w\" sizes=\"auto, (max-width: 480px) 100vw, 480px\" \/> <img loading=\"lazy\" decoding=\"async\" class=\"aligncenter size-full wp-image-165199\" src=\"https:\/\/www.buroperiodistico.com.mx\/wp-content\/uploads\/2025\/06\/Ejerxito-II.jpeg\" alt=\"\" width=\"640\" height=\"426\" srcset=\"https:\/\/www.buroperiodistico.com.mx\/wp-content\/uploads\/2025\/06\/Ejerxito-II.jpeg 640w, https:\/\/www.buroperiodistico.com.mx\/wp-content\/uploads\/2025\/06\/Ejerxito-II-300x200.jpeg 300w\" sizes=\"auto, (max-width: 640px) 100vw, 640px\" \/><\/p>\n","protected":false},"excerpt":{"rendered":"<p>Reynosa, Tam (20-Junio-2025).- El Alcalde Carlos Pe\u00f1a Ortiz invita a toda la ciudadan\u00eda a disfrutar&#8230;<\/p>\n","protected":false},"author":1,"featured_media":165201,"comment_status":"closed","ping_status":"closed","sticky":false,"template":"","format":"standard","meta":{"footnotes":"","jetpack_publicize_message":"","jetpack_publicize_feature_enabled":true,"jetpack_social_post_already_shared":true,"jetpack_social_options":{"image_generator_settings":{"template":"highway","default_image_id":0,"font":"","enabled":false},"version":2}},"categories":[9],"tags":[],"class_list":["post-165197","post","type-post","status-publish","format-standard","has-post-thumbnail","hentry","category-reynosa"],"jetpack_publicize_connections":[],"_links":{"self":[{"href":"https:\/\/www.buroperiodistico.com.mx\/index.php?rest_route=\/wp\/v2\/posts\/165197","targetHints":{"allow":["GET"]}}],"collection":[{"href":"https:\/\/www.buroperiodistico.com.mx\/index.php?rest_route=\/wp\/v2\/posts"}],"about":[{"href":"https:\/\/www.buroperiodistico.com.mx\/index.php?rest_route=\/wp\/v2\/types\/post"}],"author":[{"embeddable":true,"href":"https:\/\/www.buroperiodistico.com.mx\/index.php?rest_route=\/wp\/v2\/users\/1"}],"replies":[{"embeddable":true,"href":"https:\/\/www.buroperiodistico.com.mx\/index.php?rest_route=%2Fwp%2Fv2%2Fcomments&post=165197"}],"version-history":[{"count":0,"href":"https:\/\/www.buroperiodistico.com.mx\/index.php?rest_route=\/wp\/v2\/posts\/165197\/revisions"}],"wp:featuredmedia":[{"embeddable":true,"href":"https:\/\/www.buroperiodistico.com.mx\/index.php?rest_route=\/wp\/v2\/media\/165201"}],"wp:attachment":[{"href":"https:\/\/www.buroperiodistico.com.mx\/index.php?rest_route=%2Fwp%2Fv2%2Fmedia&parent=165197"}],"wp:term":[{"taxonomy":"category","embeddable":true,"href":"https:\/\/www.buroperiodistico.com.mx\/index.php?rest_route=%2Fwp%2Fv2%2Fcategories&post=165197"},{"taxonomy":"post_tag","embeddable":true,"href":"https:\/\/www.buroperiodistico.com.mx\/index.php?rest_route=%2Fwp%2Fv2%2Ftags&post=165197"}],"curies":[{"name":"wp","href":"https:\/\/api.w.org\/{rel}","templated":true}]}}