{"id":164881,"date":"2025-06-18T15:52:05","date_gmt":"2025-06-18T20:52:05","guid":{"rendered":"https:\/\/www.buroperiodistico.com.mx\/?p=164881"},"modified":"2025-06-18T15:52:05","modified_gmt":"2025-06-18T20:52:05","slug":"capacita-colegio-de-tamaulipas-a-trabajadores-educativos-en-habilidades-blandas","status":"publish","type":"post","link":"https:\/\/www.buroperiodistico.com.mx\/?p=164881","title":{"rendered":"Capacita Colegio de Tamaulipas a trabajadores educativos en habilidades blandas"},"content":{"rendered":"<p><em><strong><img loading=\"lazy\" decoding=\"async\" class=\" wp-image-164886 alignright\" src=\"https:\/\/www.buroperiodistico.com.mx\/wp-content\/uploads\/2025\/06\/CREblandas.jpeg\" alt=\"\" width=\"577\" height=\"358\" srcset=\"https:\/\/www.buroperiodistico.com.mx\/wp-content\/uploads\/2025\/06\/CREblandas.jpeg 1024w, https:\/\/www.buroperiodistico.com.mx\/wp-content\/uploads\/2025\/06\/CREblandas-300x186.jpeg 300w, https:\/\/www.buroperiodistico.com.mx\/wp-content\/uploads\/2025\/06\/CREblandas-768x476.jpeg 768w\" sizes=\"auto, (max-width: 577px) 100vw, 577px\" \/>Ciudad Victoria, Tamaulipas (18-Junio-2025).-<\/strong><\/em> Con la finalidad de fortalecer las habilidades blandas del personal administrativo y docente en el sector educativo, El Colegio de Tamaulipas (COLTAM) imparti\u00f3 el curso \u201cHabilidades que Trascienden: Inteligencia Emocional\u201d, como parte del Programa de Formaci\u00f3n y Educaci\u00f3n Continua.<\/p>\n<p>El curso, realizado en el Centro Regional de Formaci\u00f3n Docente e Investigaci\u00f3n Educativa (CRETAM), fue dise\u00f1ado para fortalecer el desarrollo humano del personal administrativo y promover la resignificaci\u00f3n de los servidores p\u00fablicos y su relaci\u00f3n con la comunidad general, abordando temas como la gesti\u00f3n de las emociones, la comunicaci\u00f3n emp\u00e1tica y el trabajo en equipo.<\/p>\n<p>Sandra Luz Pedraza Anaya, coordinadora de Organismos P\u00fablicos Descentralizados (OPD) del sector educativo, refiri\u00f3 que la inteligencia emocional es de vital importancia, ya que se debe atender el interior de la persona, en este caso, de los trabajadores educativos.<\/p>\n<p>\u201cTenemos una causa profundamente humana y profesional: fortalecer nuestras competencias para servir mejor, no solo desde lo operativo, sino tambi\u00e9n desde lo emocional. Es necesario reconocer que el desarrollo humano no se limita al conocimiento acad\u00e9mico, va mucho m\u00e1s all\u00e1, implica aprender a gestionar nuestras emociones, comunicarnos con empat\u00eda y trabajar con una visi\u00f3n m\u00e1s consciente de lo que somos y de lo que queremos llegar a ser\u201d, puntualiz\u00f3.<\/p>\n<p>Por su parte, Marco Moreno Castellanos, rector del COLTAM, indic\u00f3 que este curso, dise\u00f1ado especialmente para la Secretar\u00eda de Educaci\u00f3n, fue impartido por la Mtra. M\u00f3nica Garza Mart\u00ednez y estuvo enfocado en las habilidades que tienen que ver con el desarrollo humano de todos los servidores p\u00fablicos.<\/p>\n<p>Destac\u00f3 que la implementaci\u00f3n de esta capacitaci\u00f3n se encuentra alineada al compromiso del gobernador Am\u00e9rico Villarreal Anaya con la transformaci\u00f3n de Tamaulipas, priorizando el desarrollo humano como eje central en todas las \u00e1reas del gobierno y que la Secretar\u00eda de Educaci\u00f3n de Tamaulipas, bajo la conducci\u00f3n de Miguel \u00c1ngel Valdez Garc\u00eda, implementa para todas y todos sus colaboradores.<\/p>\n<p><img loading=\"lazy\" decoding=\"async\" class=\"aligncenter size-full wp-image-164882\" src=\"https:\/\/www.buroperiodistico.com.mx\/wp-content\/uploads\/2025\/06\/CREblandas-I.jpeg\" alt=\"\" width=\"640\" height=\"480\" srcset=\"https:\/\/www.buroperiodistico.com.mx\/wp-content\/uploads\/2025\/06\/CREblandas-I.jpeg 640w, https:\/\/www.buroperiodistico.com.mx\/wp-content\/uploads\/2025\/06\/CREblandas-I-300x225.jpeg 300w\" sizes=\"auto, (max-width: 640px) 100vw, 640px\" \/> <img loading=\"lazy\" decoding=\"async\" class=\"aligncenter size-full wp-image-164885\" src=\"https:\/\/www.buroperiodistico.com.mx\/wp-content\/uploads\/2025\/06\/CREblandas-IIII.jpeg\" alt=\"\" width=\"544\" height=\"480\" srcset=\"https:\/\/www.buroperiodistico.com.mx\/wp-content\/uploads\/2025\/06\/CREblandas-IIII.jpeg 544w, https:\/\/www.buroperiodistico.com.mx\/wp-content\/uploads\/2025\/06\/CREblandas-IIII-300x265.jpeg 300w\" sizes=\"auto, (max-width: 544px) 100vw, 544px\" \/> <img loading=\"lazy\" decoding=\"async\" class=\"aligncenter size-full wp-image-164884\" src=\"https:\/\/www.buroperiodistico.com.mx\/wp-content\/uploads\/2025\/06\/CREblandas-III.jpeg\" alt=\"\" width=\"527\" height=\"480\" srcset=\"https:\/\/www.buroperiodistico.com.mx\/wp-content\/uploads\/2025\/06\/CREblandas-III.jpeg 527w, https:\/\/www.buroperiodistico.com.mx\/wp-content\/uploads\/2025\/06\/CREblandas-III-300x273.jpeg 300w\" sizes=\"auto, (max-width: 527px) 100vw, 527px\" \/> <img loading=\"lazy\" decoding=\"async\" class=\"aligncenter size-full wp-image-164883\" src=\"https:\/\/www.buroperiodistico.com.mx\/wp-content\/uploads\/2025\/06\/CREblandas-II.jpeg\" alt=\"\" width=\"640\" height=\"480\" srcset=\"https:\/\/www.buroperiodistico.com.mx\/wp-content\/uploads\/2025\/06\/CREblandas-II.jpeg 640w, https:\/\/www.buroperiodistico.com.mx\/wp-content\/uploads\/2025\/06\/CREblandas-II-300x225.jpeg 300w\" sizes=\"auto, (max-width: 640px) 100vw, 640px\" \/><\/p>\n","protected":false},"excerpt":{"rendered":"<p>Ciudad Victoria, Tamaulipas (18-Junio-2025).- Con la finalidad de fortalecer las habilidades blandas del personal administrativo&#8230;<\/p>\n","protected":false},"author":1,"featured_media":164886,"comment_status":"closed","ping_status":"closed","sticky":false,"template":"","format":"standard","meta":{"footnotes":"","jetpack_publicize_message":"","jetpack_publicize_feature_enabled":true,"jetpack_social_post_already_shared":true,"jetpack_social_options":{"image_generator_settings":{"template":"highway","default_image_id":0,"font":"","enabled":false},"version":2}},"categories":[10],"tags":[],"class_list":["post-164881","post","type-post","status-publish","format-standard","has-post-thumbnail","hentry","category-tamaulipas"],"jetpack_publicize_connections":[],"_links":{"self":[{"href":"https:\/\/www.buroperiodistico.com.mx\/index.php?rest_route=\/wp\/v2\/posts\/164881","targetHints":{"allow":["GET"]}}],"collection":[{"href":"https:\/\/www.buroperiodistico.com.mx\/index.php?rest_route=\/wp\/v2\/posts"}],"about":[{"href":"https:\/\/www.buroperiodistico.com.mx\/index.php?rest_route=\/wp\/v2\/types\/post"}],"author":[{"embeddable":true,"href":"https:\/\/www.buroperiodistico.com.mx\/index.php?rest_route=\/wp\/v2\/users\/1"}],"replies":[{"embeddable":true,"href":"https:\/\/www.buroperiodistico.com.mx\/index.php?rest_route=%2Fwp%2Fv2%2Fcomments&post=164881"}],"version-history":[{"count":0,"href":"https:\/\/www.buroperiodistico.com.mx\/index.php?rest_route=\/wp\/v2\/posts\/164881\/revisions"}],"wp:featuredmedia":[{"embeddable":true,"href":"https:\/\/www.buroperiodistico.com.mx\/index.php?rest_route=\/wp\/v2\/media\/164886"}],"wp:attachment":[{"href":"https:\/\/www.buroperiodistico.com.mx\/index.php?rest_route=%2Fwp%2Fv2%2Fmedia&parent=164881"}],"wp:term":[{"taxonomy":"category","embeddable":true,"href":"https:\/\/www.buroperiodistico.com.mx\/index.php?rest_route=%2Fwp%2Fv2%2Fcategories&post=164881"},{"taxonomy":"post_tag","embeddable":true,"href":"https:\/\/www.buroperiodistico.com.mx\/index.php?rest_route=%2Fwp%2Fv2%2Ftags&post=164881"}],"curies":[{"name":"wp","href":"https:\/\/api.w.org\/{rel}","templated":true}]}}