{"id":164840,"date":"2025-06-18T11:50:42","date_gmt":"2025-06-18T16:50:42","guid":{"rendered":"https:\/\/www.buroperiodistico.com.mx\/?p=164840"},"modified":"2025-06-18T11:50:42","modified_gmt":"2025-06-18T16:50:42","slug":"fortalece-dif-reynosa-lazos-entre-padres-e-hijos-en-los-caic","status":"publish","type":"post","link":"https:\/\/www.buroperiodistico.com.mx\/?p=164840","title":{"rendered":"Fortalece DIF-Reynosa lazos entre padres e hijos en los CAIC"},"content":{"rendered":"<ul>\n<li><strong><em>Como parte de las celebraciones del D\u00eda del Padre.<\/em><\/strong><\/li>\n<\/ul>\n<p><strong><img loading=\"lazy\" decoding=\"async\" class=\" wp-image-164843 alignright\" src=\"https:\/\/www.buroperiodistico.com.mx\/wp-content\/uploads\/2025\/06\/DIfx-4.jpg\" alt=\"\" width=\"559\" height=\"302\" srcset=\"https:\/\/www.buroperiodistico.com.mx\/wp-content\/uploads\/2025\/06\/DIfx-4.jpg 1110w, https:\/\/www.buroperiodistico.com.mx\/wp-content\/uploads\/2025\/06\/DIfx-4-300x162.jpg 300w, https:\/\/www.buroperiodistico.com.mx\/wp-content\/uploads\/2025\/06\/DIfx-4-1024x554.jpg 1024w, https:\/\/www.buroperiodistico.com.mx\/wp-content\/uploads\/2025\/06\/DIfx-4-768x415.jpg 768w\" sizes=\"auto, (max-width: 559px) 100vw, 559px\" \/>Reynosa, Tam (18-Junio-2025).-<\/strong> El Sistema DIF-Reynosa, que preside Carlos Luis Pe\u00f1a Garza, realiz\u00f3 la celebraci\u00f3n del D\u00eda del Padre en los 16 Centros de Atenci\u00f3n Infantil Comunitarios, donde se llevaron a cabo diversas actividades l\u00fadicas, as\u00ed como junto a padres de familia, con el prop\u00f3sito de fortalecer los lazos afectivos y reconocer el papel fundamental que desempe\u00f1an como figuras paternas en el desarrollo de sus hijas e hijos.<\/p>\n<p>Los padres participaron activamente en din\u00e1micas y juegos organizados por el personal educativo de los CAIC, quienes agradecieron su compromiso, esfuerzo y dedicaci\u00f3n diaria en la formaci\u00f3n y crianza de sus peque\u00f1os, las actividades promovieron el valor del tiempo compartido y destacaron la importancia de su presencia activa en el entorno familiar y escolar.<\/p>\n<p>DIF-Reynosa, trabaja de la mano con las familias para fomentar valores, fortalecer la unidad familiar y reconocer el papel de los padres en la educaci\u00f3n integral de la ni\u00f1ez.<\/p>\n<p><img loading=\"lazy\" decoding=\"async\" class=\"aligncenter size-full wp-image-164841\" src=\"https:\/\/www.buroperiodistico.com.mx\/wp-content\/uploads\/2025\/06\/DIfx-I-6.jpeg\" alt=\"\" width=\"640\" height=\"462\" srcset=\"https:\/\/www.buroperiodistico.com.mx\/wp-content\/uploads\/2025\/06\/DIfx-I-6.jpeg 640w, https:\/\/www.buroperiodistico.com.mx\/wp-content\/uploads\/2025\/06\/DIfx-I-6-300x217.jpeg 300w\" sizes=\"auto, (max-width: 640px) 100vw, 640px\" \/> <img loading=\"lazy\" decoding=\"async\" class=\"aligncenter size-full wp-image-164842\" src=\"https:\/\/www.buroperiodistico.com.mx\/wp-content\/uploads\/2025\/06\/DIfx-II-4.jpeg\" alt=\"\" width=\"640\" height=\"435\" srcset=\"https:\/\/www.buroperiodistico.com.mx\/wp-content\/uploads\/2025\/06\/DIfx-II-4.jpeg 640w, https:\/\/www.buroperiodistico.com.mx\/wp-content\/uploads\/2025\/06\/DIfx-II-4-300x204.jpeg 300w\" sizes=\"auto, (max-width: 640px) 100vw, 640px\" \/><\/p>\n","protected":false},"excerpt":{"rendered":"<p>Como parte de las celebraciones del D\u00eda del Padre. Reynosa, Tam (18-Junio-2025).- El Sistema DIF-Reynosa,&#8230;<\/p>\n","protected":false},"author":1,"featured_media":164843,"comment_status":"closed","ping_status":"closed","sticky":false,"template":"","format":"standard","meta":{"footnotes":"","jetpack_publicize_message":"","jetpack_publicize_feature_enabled":true,"jetpack_social_post_already_shared":true,"jetpack_social_options":{"image_generator_settings":{"template":"highway","default_image_id":0,"font":"","enabled":false},"version":2}},"categories":[9],"tags":[],"class_list":["post-164840","post","type-post","status-publish","format-standard","has-post-thumbnail","hentry","category-reynosa"],"jetpack_publicize_connections":[],"_links":{"self":[{"href":"https:\/\/www.buroperiodistico.com.mx\/index.php?rest_route=\/wp\/v2\/posts\/164840","targetHints":{"allow":["GET"]}}],"collection":[{"href":"https:\/\/www.buroperiodistico.com.mx\/index.php?rest_route=\/wp\/v2\/posts"}],"about":[{"href":"https:\/\/www.buroperiodistico.com.mx\/index.php?rest_route=\/wp\/v2\/types\/post"}],"author":[{"embeddable":true,"href":"https:\/\/www.buroperiodistico.com.mx\/index.php?rest_route=\/wp\/v2\/users\/1"}],"replies":[{"embeddable":true,"href":"https:\/\/www.buroperiodistico.com.mx\/index.php?rest_route=%2Fwp%2Fv2%2Fcomments&post=164840"}],"version-history":[{"count":0,"href":"https:\/\/www.buroperiodistico.com.mx\/index.php?rest_route=\/wp\/v2\/posts\/164840\/revisions"}],"wp:featuredmedia":[{"embeddable":true,"href":"https:\/\/www.buroperiodistico.com.mx\/index.php?rest_route=\/wp\/v2\/media\/164843"}],"wp:attachment":[{"href":"https:\/\/www.buroperiodistico.com.mx\/index.php?rest_route=%2Fwp%2Fv2%2Fmedia&parent=164840"}],"wp:term":[{"taxonomy":"category","embeddable":true,"href":"https:\/\/www.buroperiodistico.com.mx\/index.php?rest_route=%2Fwp%2Fv2%2Fcategories&post=164840"},{"taxonomy":"post_tag","embeddable":true,"href":"https:\/\/www.buroperiodistico.com.mx\/index.php?rest_route=%2Fwp%2Fv2%2Ftags&post=164840"}],"curies":[{"name":"wp","href":"https:\/\/api.w.org\/{rel}","templated":true}]}}