{"id":164809,"date":"2025-06-17T22:13:28","date_gmt":"2025-06-18T03:13:28","guid":{"rendered":"https:\/\/www.buroperiodistico.com.mx\/?p=164809"},"modified":"2025-06-17T22:13:28","modified_gmt":"2025-06-18T03:13:28","slug":"agenda-fornteriza-por-humberto-gutierrez-6","status":"publish","type":"post","link":"https:\/\/www.buroperiodistico.com.mx\/?p=164809","title":{"rendered":"AGENDA FORNTERIZA\/ POR HUMBERTO GUTI\u00c9RREZ"},"content":{"rendered":"<p class=\"x_ydp44b37003MsoNoSpacing\" style=\"text-align: center;\"><strong><em>CIUDAD VICTORIA PUSO LA MUESTRA EN PARTIPCIPACION EN\u00a0 ELECCION DE JUECES\u00a0\u00a0<\/em><\/strong><\/p>\n<p class=\"x_ydp44b37003MsoNormal\"><em><strong>(17-Junio-2025).-<\/strong><\/em> El lenguaje es la forma universal de comunicarse, el leguaje humano lo hacemos posible a trav\u00e9s de signos, verbal, no verbal, manejo corporal, desde la forma de caminar, el saludo. Las fotograf\u00edas mandan un mensaje que, a veces, dicen m\u00e1s que las palabras.<\/p>\n<p class=\"x_ydp44b37003MsoNormal\">El tema viene en relaci\u00f3n con la reuni\u00f3n del magisterio, con la Secci\u00f3n 30 y el Gobernador surgida a ra\u00edz de la entrega de reconocimientos\u00a0\u00a0\u00a0\u201cMaestro Altamirano\u201d, celebrada en el Polyforum.<\/p>\n<p class=\"x_ydp44b37003MsoNormal\">En las fotograf\u00edas que circularon en todo Tamaulipas se puede apreciar la empat\u00eda del gobierno de Tamaulipas con la Secci\u00f3n XXX del Magisterio.<\/p>\n<p class=\"x_ydp44b37003MsoNormal\">Existe una alianza estrat\u00e9gica con los m\u00e1s de 40 mil maestros de Tamaulipas, empat\u00eda y compromiso de los dos lados se est\u00e1n cumpliendo.<\/p>\n<p class=\"x_ydp44b37003MsoNormal\">En otro tema de la reducci\u00f3n de la jornada laboral en M\u00e9xico de 48 a 40 horas semanales ser\u00e1 una realidad a partir de 2026, la noticia confirmada por el secretario del Trabajo y Previsi\u00f3n Social, GERARDO ILLODI, tambi\u00e9n dijo que, la aplicaci\u00f3n ser\u00e1 gradual, con la meta de completar el cambio en enero de 2030.<\/p>\n<p class=\"x_ydp44b37003MsoNormal\">La jornada laboral de 40 horas ya es una realidad y M\u00e9xico ya est\u00e1 listo para avanzar con el cambio a la Ley Federal del Trabajo, seg\u00fan asegur\u00f3 la STPS.<\/p>\n<p class=\"x_ydp44b37003MsoNormal\">Se conocieron m\u00e1s n\u00fameros acerca de la elecci\u00f3n del Poder Judicial celebrada en nuestro estado.<\/p>\n<p class=\"x_ydp44b37003MsoNormal\">Hemos le\u00eddo que particip\u00f3 en esta fecha de elecciones, el 13% del padr\u00f3n a nivel nacional.<\/p>\n<p class=\"x_ydp44b37003MsoNormal\">Los resultados ya los conocemos.<\/p>\n<p class=\"x_ydp44b37003MsoNormal\">El tema es que en Tamaulipas el resultado marc\u00f3 una votaci\u00f3n en promedio m\u00e1s alta que a nivel nacional.<\/p>\n<p class=\"x_ydp44b37003MsoNormal\">Tamaulipas pone la muestra una vez m\u00e1s, porque la elecci\u00f3n que no levant\u00f3 pasiones, salimos a votar con m\u00e1s ciudadanos comprometidos con la actitud c\u00edvica de ejercer el derecho a votar, lo que sea necesario.<\/p>\n<p class=\"x_ydp44b37003MsoNormal\">Eso es la Participaci\u00f3n Ciudadana tanta ves escuchada y le\u00edda pero pocas veces alcanzada la dimensi\u00f3n del derecho al voto.<\/p>\n<p class=\"x_ydp44b37003MsoNormal\">Por primera vez en la historia del estado, la ciudadan\u00eda pudo votar directamente por los magistrados del Supremo Tribunal de Justicia.<\/p>\n<p class=\"x_ydp44b37003MsoNormal\">Cinco hombres y cinco mujeres, fueron electos en una elecci\u00f3n compleja y con poca difusi\u00f3n porque as\u00ed lo estableci\u00f3 la modalidad.<\/p>\n<p class=\"x_ydp44b37003MsoNormal\">El caso es que, los l\u00edderes del tiempo que vivimos, los principales municipios est\u00e1n bajo el mando y gobierno del partido morena, lo que resulta imposible que nos hayan movido y medido la estructura para la invitaci\u00f3n a que fueran votar en un acto de democracia dirigida.<\/p>\n<p class=\"x_ydp44b37003MsoNormal\">Y esa evaluaci\u00f3n, ese indicador del voto, mucho tuvieron que ver los alcaldes.<\/p>\n<p class=\"x_ydp44b37003MsoNormal\">Si ese comentario es v\u00e1lido, la ciudad capital tiene el primer lugar en la cantidad de votos en relaci\u00f3n con el padr\u00f3n, Madero, Altamira y Tampico, los municipios de la zona metropolitana del sur el 2,3, y 4 lugar, luego sigue Nuevo Laredo, Matamoros y Reynosa.<\/p>\n<p class=\"x_ydp44b37003MsoNormal\">Esta estad\u00edstica nos muestra el nivel de compromiso que se tiene con la Cuarta Transformaci\u00f3n.<\/p>\n<p class=\"x_ydp44b37003MsoNormal\">Por tanto, el alcalde la ciudad capital LALO GATTAS, merece reconocimiento.<\/p>\n<p class=\"x_ydp44b37003MsoNormal\">Por el rumbo de informar de noticias de la UAT, el Rector D\u00c1MASO ANAYA ALVARADO tom\u00f3 de protesta y bienvenida a los nuevos miembros del Honorable Patronato Universitario.<\/p>\n<p class=\"x_ydp44b37003MsoNormal\">Previa consulta, los nuevos miembros est\u00e1n comprometidos a fortalecer la educaci\u00f3n profesional de la m\u00e1xima casa de estudios de Tamaulipas, UAT.<\/p>\n<p class=\"x_ydp44b37003MsoNormal\">El Rector entreg\u00f3 los nombramientos y el pin oficial de la UAT a los empresarios EDUARDO GARZA ROBLES, FELIPE PEARL ZORRILLA y FIDEL GALLARDO AGUILAR, quienes se integran a este \u00f3rgano colegiado por las sedes de Nuevo Laredo, Tampico (zona sur) y Ciudad Victoria, respectivamente.<\/p>\n<p class=\"x_ydp44b37003MsoNormal\">Como parte del orden del d\u00eda, fue presentado ante el Patronato, el nuevo titular del \u00d3rgano Interno de Control, ROBERTO CARLOS BORREGO BORREGO, quien, previo a esta reuni\u00f3n, fue designado por la Asamblea Universitaria para ocupar este cargo en el que asumir\u00e1 la responsabilidad de fortalecer la vigilancia, el cumplimiento normativo y la rendici\u00f3n de cuentas en la UAT para el periodo 2025-2029.<\/p>\n<p class=\"x_ydp44b37003MsoNormal\">Despu\u00e9s de la llegada de CLAUDIA SHEINBAUM en vuelo comercial a Canad\u00e1, el Presidente de EU, tuvo que cancelar su participaci\u00f3n en la cumbre del G7, para concentrarse en la guerra entre Israel e Ir\u00e1n.<\/p>\n<p class=\"x_ydp44b37003MsoNormal\">Sin embargo, a su llegada de la presidenta de M\u00e9xico, se reuni\u00f3 anoche con empresarios de Canad\u00e1.<\/p>\n<p class=\"x_ydp44b37003MsoNormal\">Lo que ser\u00eda la primera reuni\u00f3n cara a cara entre los mandatarios vecinos, pretend\u00eda abordar temas de alta tensi\u00f3n como la seguridad, migraci\u00f3n y los aranceles.<\/p>\n<p class=\"x_ydp44b37003MsoNormal\">Tras el retiro, el Gobierno de M\u00e9xico inform\u00f3 que el resto de la agenda de CSP, se mantendr\u00eda. Para hoy participar\u00e1 en la sesi\u00f3n plenaria de la Cumbre de L\u00edderes G7 y adem\u00e1s tendr\u00e1 reuniones privadas con el Primer Ministro de la India, Narendra Modi; el Canciller alem\u00e1n, Friedrich Merz; y con el anfitri\u00f3n, el Primer Ministro canadiense, Mark Carney.<\/p>\n<p class=\"x_ydp44b37003MsoNormal\">Agenda Fronteriza es distribuida por la Agencia Informaci\u00f3n y An\u00e1lisis Estad\u00edstico.<\/p>\n<p class=\"x_ydp44b37003MsoNormal\">Mi correo:\u00a0<a id=\"LPlnk655071\" title=\"mailto:humbertografico@yahoo.com.mx\" href=\"mailto:humbertografico@yahoo.com.mx\">humbertografico@yahoo.com.mx<\/a><\/p>\n","protected":false},"excerpt":{"rendered":"<p>CIUDAD VICTORIA PUSO LA MUESTRA EN PARTIPCIPACION EN\u00a0 ELECCION DE JUECES\u00a0\u00a0 (17-Junio-2025).- El lenguaje es&#8230;<\/p>\n","protected":false},"author":1,"featured_media":149410,"comment_status":"closed","ping_status":"closed","sticky":false,"template":"","format":"standard","meta":{"footnotes":"","jetpack_publicize_message":"","jetpack_publicize_feature_enabled":true,"jetpack_social_post_already_shared":true,"jetpack_social_options":{"image_generator_settings":{"template":"highway","default_image_id":0,"font":"","enabled":false},"version":2}},"categories":[23],"tags":[],"class_list":["post-164809","post","type-post","status-publish","format-standard","has-post-thumbnail","hentry","category-columnas"],"jetpack_publicize_connections":[],"_links":{"self":[{"href":"https:\/\/www.buroperiodistico.com.mx\/index.php?rest_route=\/wp\/v2\/posts\/164809","targetHints":{"allow":["GET"]}}],"collection":[{"href":"https:\/\/www.buroperiodistico.com.mx\/index.php?rest_route=\/wp\/v2\/posts"}],"about":[{"href":"https:\/\/www.buroperiodistico.com.mx\/index.php?rest_route=\/wp\/v2\/types\/post"}],"author":[{"embeddable":true,"href":"https:\/\/www.buroperiodistico.com.mx\/index.php?rest_route=\/wp\/v2\/users\/1"}],"replies":[{"embeddable":true,"href":"https:\/\/www.buroperiodistico.com.mx\/index.php?rest_route=%2Fwp%2Fv2%2Fcomments&post=164809"}],"version-history":[{"count":0,"href":"https:\/\/www.buroperiodistico.com.mx\/index.php?rest_route=\/wp\/v2\/posts\/164809\/revisions"}],"wp:featuredmedia":[{"embeddable":true,"href":"https:\/\/www.buroperiodistico.com.mx\/index.php?rest_route=\/wp\/v2\/media\/149410"}],"wp:attachment":[{"href":"https:\/\/www.buroperiodistico.com.mx\/index.php?rest_route=%2Fwp%2Fv2%2Fmedia&parent=164809"}],"wp:term":[{"taxonomy":"category","embeddable":true,"href":"https:\/\/www.buroperiodistico.com.mx\/index.php?rest_route=%2Fwp%2Fv2%2Fcategories&post=164809"},{"taxonomy":"post_tag","embeddable":true,"href":"https:\/\/www.buroperiodistico.com.mx\/index.php?rest_route=%2Fwp%2Fv2%2Ftags&post=164809"}],"curies":[{"name":"wp","href":"https:\/\/api.w.org\/{rel}","templated":true}]}}