{"id":164370,"date":"2025-06-14T20:34:55","date_gmt":"2025-06-15T01:34:55","guid":{"rendered":"https:\/\/www.buroperiodistico.com.mx\/?p=164370"},"modified":"2025-06-14T20:34:55","modified_gmt":"2025-06-15T01:34:55","slug":"celebra-sedener-dia-mundial-del-viento-con-carrera-ciclista","status":"publish","type":"post","link":"https:\/\/www.buroperiodistico.com.mx\/?p=164370","title":{"rendered":"Celebra SEDENER D\u00eda Mundial del Viento con carrera ciclista"},"content":{"rendered":"<p><em><strong><img loading=\"lazy\" decoding=\"async\" class=\" wp-image-164373 alignright\" src=\"https:\/\/www.buroperiodistico.com.mx\/wp-content\/uploads\/2025\/06\/SDEciclista.jpeg\" alt=\"\" width=\"565\" height=\"317\" srcset=\"https:\/\/www.buroperiodistico.com.mx\/wp-content\/uploads\/2025\/06\/SDEciclista.jpeg 1024w, https:\/\/www.buroperiodistico.com.mx\/wp-content\/uploads\/2025\/06\/SDEciclista-300x168.jpeg 300w, https:\/\/www.buroperiodistico.com.mx\/wp-content\/uploads\/2025\/06\/SDEciclista-768x431.jpeg 768w\" sizes=\"auto, (max-width: 565px) 100vw, 565px\" \/>Ciudad Victoria, Tamaulipas (14-Junio-2025).-<\/strong><\/em> Como parte de las celebraciones por el D\u00eda Mundial del Viento, el secretario de Desarrollo Energ\u00e9tico de Tamaulipas, Walter Juli\u00e1n \u00c1ngel Jim\u00e9nez y su equipo de trabajo participaron en la carrera ciclista realizada en el parque e\u00f3lico Mesa, La Paz.<\/p>\n<p>En colaboraci\u00f3n con la empresa GEMEX, encargada de administrar este parque e\u00f3lico, se dieron cita m\u00e1s de 100 ciclistas para conmemorar este importante d\u00eda.<\/p>\n<p>En su intervenci\u00f3n, \u00c1ngel Jim\u00e9nez destac\u00f3 la importancia de este d\u00eda, ya que Tamaulipas es uno de los principales estados de generaci\u00f3n de energ\u00eda a partir del viento.<\/p>\n<p>As\u00ed mismo, invit\u00f3 a las y los asistentes a participar en la carrera \u201cCorre como el viento\u201d, este pr\u00f3ximo 15 de junio en la capital del estado.<\/p>\n<p><img loading=\"lazy\" decoding=\"async\" class=\"aligncenter size-full wp-image-164371\" src=\"https:\/\/www.buroperiodistico.com.mx\/wp-content\/uploads\/2025\/06\/SDEciclista-I.jpeg\" alt=\"\" width=\"640\" height=\"359\" srcset=\"https:\/\/www.buroperiodistico.com.mx\/wp-content\/uploads\/2025\/06\/SDEciclista-I.jpeg 640w, https:\/\/www.buroperiodistico.com.mx\/wp-content\/uploads\/2025\/06\/SDEciclista-I-300x168.jpeg 300w\" sizes=\"auto, (max-width: 640px) 100vw, 640px\" \/> <img loading=\"lazy\" decoding=\"async\" class=\"aligncenter size-full wp-image-164372\" src=\"https:\/\/www.buroperiodistico.com.mx\/wp-content\/uploads\/2025\/06\/SDEciclista-II.jpeg\" alt=\"\" width=\"640\" height=\"359\" srcset=\"https:\/\/www.buroperiodistico.com.mx\/wp-content\/uploads\/2025\/06\/SDEciclista-II.jpeg 640w, https:\/\/www.buroperiodistico.com.mx\/wp-content\/uploads\/2025\/06\/SDEciclista-II-300x168.jpeg 300w\" sizes=\"auto, (max-width: 640px) 100vw, 640px\" \/><\/p>\n","protected":false},"excerpt":{"rendered":"<p>Ciudad Victoria, Tamaulipas (14-Junio-2025).- Como parte de las celebraciones por el D\u00eda Mundial del Viento,&#8230;<\/p>\n","protected":false},"author":1,"featured_media":164373,"comment_status":"closed","ping_status":"closed","sticky":false,"template":"","format":"standard","meta":{"footnotes":"","jetpack_publicize_message":"","jetpack_publicize_feature_enabled":true,"jetpack_social_post_already_shared":true,"jetpack_social_options":{"image_generator_settings":{"template":"highway","default_image_id":0,"font":"","enabled":false},"version":2}},"categories":[10],"tags":[],"class_list":["post-164370","post","type-post","status-publish","format-standard","has-post-thumbnail","hentry","category-tamaulipas"],"jetpack_publicize_connections":[],"_links":{"self":[{"href":"https:\/\/www.buroperiodistico.com.mx\/index.php?rest_route=\/wp\/v2\/posts\/164370","targetHints":{"allow":["GET"]}}],"collection":[{"href":"https:\/\/www.buroperiodistico.com.mx\/index.php?rest_route=\/wp\/v2\/posts"}],"about":[{"href":"https:\/\/www.buroperiodistico.com.mx\/index.php?rest_route=\/wp\/v2\/types\/post"}],"author":[{"embeddable":true,"href":"https:\/\/www.buroperiodistico.com.mx\/index.php?rest_route=\/wp\/v2\/users\/1"}],"replies":[{"embeddable":true,"href":"https:\/\/www.buroperiodistico.com.mx\/index.php?rest_route=%2Fwp%2Fv2%2Fcomments&post=164370"}],"version-history":[{"count":0,"href":"https:\/\/www.buroperiodistico.com.mx\/index.php?rest_route=\/wp\/v2\/posts\/164370\/revisions"}],"wp:featuredmedia":[{"embeddable":true,"href":"https:\/\/www.buroperiodistico.com.mx\/index.php?rest_route=\/wp\/v2\/media\/164373"}],"wp:attachment":[{"href":"https:\/\/www.buroperiodistico.com.mx\/index.php?rest_route=%2Fwp%2Fv2%2Fmedia&parent=164370"}],"wp:term":[{"taxonomy":"category","embeddable":true,"href":"https:\/\/www.buroperiodistico.com.mx\/index.php?rest_route=%2Fwp%2Fv2%2Fcategories&post=164370"},{"taxonomy":"post_tag","embeddable":true,"href":"https:\/\/www.buroperiodistico.com.mx\/index.php?rest_route=%2Fwp%2Fv2%2Ftags&post=164370"}],"curies":[{"name":"wp","href":"https:\/\/api.w.org\/{rel}","templated":true}]}}