{"id":164346,"date":"2025-06-14T16:15:36","date_gmt":"2025-06-14T21:15:36","guid":{"rendered":"https:\/\/www.buroperiodistico.com.mx\/?p=164346"},"modified":"2025-06-14T16:15:36","modified_gmt":"2025-06-14T21:15:36","slug":"beneficia-a-familias-reynosenses-armonia-de-gobierno-municipal-e-iniciativa-privada","status":"publish","type":"post","link":"https:\/\/www.buroperiodistico.com.mx\/?p=164346","title":{"rendered":"Beneficia a familias reynosenses armon\u00eda de Gobierno Municipal e iniciativa privada"},"content":{"rendered":"<p><em><strong><img loading=\"lazy\" decoding=\"async\" class=\" wp-image-164351 alignright\" src=\"https:\/\/www.buroperiodistico.com.mx\/wp-content\/uploads\/2025\/06\/CPOx-6.jpeg\" alt=\"\" width=\"548\" height=\"318\" srcset=\"https:\/\/www.buroperiodistico.com.mx\/wp-content\/uploads\/2025\/06\/CPOx-6.jpeg 1024w, https:\/\/www.buroperiodistico.com.mx\/wp-content\/uploads\/2025\/06\/CPOx-6-300x174.jpeg 300w, https:\/\/www.buroperiodistico.com.mx\/wp-content\/uploads\/2025\/06\/CPOx-6-768x446.jpeg 768w\" sizes=\"auto, (max-width: 548px) 100vw, 548px\" \/>Reynosa, Tam (14-Junio-2025).-<\/strong><\/em> El Presidente Municipal Carlos Pe\u00f1a Ortiz recibi\u00f3 una valiosa donaci\u00f3n del consorcio de calzado, textiles, y electr\u00f3nica, BHermanos, un amplio paquete de productos que contribuir\u00e1n a un mejor nivel de vida de las familias reynosenses, canalizado a trav\u00e9s del DIF-Reynosa que preside el Lic. Carlos Luis Pe\u00f1a Garza.<\/p>\n<p>\u00abGracias a esta importante empresa por su apoyo a los reynosenses; con este sentimiento de solidaridad y compasi\u00f3n es como estamos haciendo de Reynosa una mejor ciudad\u00bb, expres\u00f3 el Presidente Municipal, acompa\u00f1ado por la Directora del organismo, Gabriela Rosas Blanco y por Erika Cavada Valdez, Coordinadora de Pocuraci\u00f3n de Fondos y Donaciones.<\/p>\n<p>La ayuda humanitaria que Grupo Batta Hermanos dirigi\u00f3 al DIF local, a trav\u00e9s de sus representantes, consisti\u00f3 en zapatos nuevos, playeras, pantalones, lentes solares y una diversidad de accesorios \u00fatiles para personas de todas las edades, una muestra positiva de la armon\u00eda del Gobierno Municipal y la iniciativa privada.<\/p>\n<p>#ReynosaImparable<br \/>\n#GobiernoMunicipalDeReynosa<\/p>\n<p><img loading=\"lazy\" decoding=\"async\" class=\"aligncenter size-full wp-image-164347\" src=\"https:\/\/www.buroperiodistico.com.mx\/wp-content\/uploads\/2025\/06\/CPOx-I-9.jpeg\" alt=\"\" width=\"640\" height=\"427\" srcset=\"https:\/\/www.buroperiodistico.com.mx\/wp-content\/uploads\/2025\/06\/CPOx-I-9.jpeg 640w, https:\/\/www.buroperiodistico.com.mx\/wp-content\/uploads\/2025\/06\/CPOx-I-9-300x200.jpeg 300w\" sizes=\"auto, (max-width: 640px) 100vw, 640px\" \/> <img loading=\"lazy\" decoding=\"async\" class=\"aligncenter size-full wp-image-164350\" src=\"https:\/\/www.buroperiodistico.com.mx\/wp-content\/uploads\/2025\/06\/CPOx-IIII-6.jpeg\" alt=\"\" width=\"640\" height=\"427\" srcset=\"https:\/\/www.buroperiodistico.com.mx\/wp-content\/uploads\/2025\/06\/CPOx-IIII-6.jpeg 640w, https:\/\/www.buroperiodistico.com.mx\/wp-content\/uploads\/2025\/06\/CPOx-IIII-6-300x200.jpeg 300w\" sizes=\"auto, (max-width: 640px) 100vw, 640px\" \/> <img loading=\"lazy\" decoding=\"async\" class=\"aligncenter size-full wp-image-164349\" src=\"https:\/\/www.buroperiodistico.com.mx\/wp-content\/uploads\/2025\/06\/CPOx-III-6.jpeg\" alt=\"\" width=\"640\" height=\"427\" srcset=\"https:\/\/www.buroperiodistico.com.mx\/wp-content\/uploads\/2025\/06\/CPOx-III-6.jpeg 640w, https:\/\/www.buroperiodistico.com.mx\/wp-content\/uploads\/2025\/06\/CPOx-III-6-300x200.jpeg 300w\" sizes=\"auto, (max-width: 640px) 100vw, 640px\" \/> <img loading=\"lazy\" decoding=\"async\" class=\"aligncenter size-full wp-image-164348\" src=\"https:\/\/www.buroperiodistico.com.mx\/wp-content\/uploads\/2025\/06\/CPOx-II-6.jpeg\" alt=\"\" width=\"640\" height=\"427\" srcset=\"https:\/\/www.buroperiodistico.com.mx\/wp-content\/uploads\/2025\/06\/CPOx-II-6.jpeg 640w, https:\/\/www.buroperiodistico.com.mx\/wp-content\/uploads\/2025\/06\/CPOx-II-6-300x200.jpeg 300w\" sizes=\"auto, (max-width: 640px) 100vw, 640px\" \/><\/p>\n","protected":false},"excerpt":{"rendered":"<p>Reynosa, Tam (14-Junio-2025).- El Presidente Municipal Carlos Pe\u00f1a Ortiz recibi\u00f3 una valiosa donaci\u00f3n del consorcio&#8230;<\/p>\n","protected":false},"author":1,"featured_media":164351,"comment_status":"closed","ping_status":"closed","sticky":false,"template":"","format":"standard","meta":{"footnotes":"","jetpack_publicize_message":"","jetpack_publicize_feature_enabled":true,"jetpack_social_post_already_shared":true,"jetpack_social_options":{"image_generator_settings":{"template":"highway","default_image_id":0,"font":"","enabled":false},"version":2}},"categories":[25,9],"tags":[],"class_list":["post-164346","post","type-post","status-publish","format-standard","has-post-thumbnail","hentry","category-portada","category-reynosa"],"jetpack_publicize_connections":[],"_links":{"self":[{"href":"https:\/\/www.buroperiodistico.com.mx\/index.php?rest_route=\/wp\/v2\/posts\/164346","targetHints":{"allow":["GET"]}}],"collection":[{"href":"https:\/\/www.buroperiodistico.com.mx\/index.php?rest_route=\/wp\/v2\/posts"}],"about":[{"href":"https:\/\/www.buroperiodistico.com.mx\/index.php?rest_route=\/wp\/v2\/types\/post"}],"author":[{"embeddable":true,"href":"https:\/\/www.buroperiodistico.com.mx\/index.php?rest_route=\/wp\/v2\/users\/1"}],"replies":[{"embeddable":true,"href":"https:\/\/www.buroperiodistico.com.mx\/index.php?rest_route=%2Fwp%2Fv2%2Fcomments&post=164346"}],"version-history":[{"count":0,"href":"https:\/\/www.buroperiodistico.com.mx\/index.php?rest_route=\/wp\/v2\/posts\/164346\/revisions"}],"wp:featuredmedia":[{"embeddable":true,"href":"https:\/\/www.buroperiodistico.com.mx\/index.php?rest_route=\/wp\/v2\/media\/164351"}],"wp:attachment":[{"href":"https:\/\/www.buroperiodistico.com.mx\/index.php?rest_route=%2Fwp%2Fv2%2Fmedia&parent=164346"}],"wp:term":[{"taxonomy":"category","embeddable":true,"href":"https:\/\/www.buroperiodistico.com.mx\/index.php?rest_route=%2Fwp%2Fv2%2Fcategories&post=164346"},{"taxonomy":"post_tag","embeddable":true,"href":"https:\/\/www.buroperiodistico.com.mx\/index.php?rest_route=%2Fwp%2Fv2%2Ftags&post=164346"}],"curies":[{"name":"wp","href":"https:\/\/api.w.org\/{rel}","templated":true}]}}