{"id":164337,"date":"2025-06-14T15:41:46","date_gmt":"2025-06-14T20:41:46","guid":{"rendered":"https:\/\/www.buroperiodistico.com.mx\/?p=164337"},"modified":"2025-06-14T15:41:46","modified_gmt":"2025-06-14T20:41:46","slug":"concierto-y-danzon-enciende-los-festejos-por-el-177-aniversario-de-nuevo-laredo","status":"publish","type":"post","link":"https:\/\/www.buroperiodistico.com.mx\/?p=164337","title":{"rendered":"CONCIERTO Y DANZ\u00d3N ENCIENDE LOS FESTEJOS POR EL 177 ANIVERSARIO DE NUEVO LAREDO"},"content":{"rendered":"<p dir=\"ltr\"><em><strong><img loading=\"lazy\" decoding=\"async\" class=\" wp-image-164341 alignright\" src=\"https:\/\/www.buroperiodistico.com.mx\/wp-content\/uploads\/2025\/06\/DANZON.jpg\" alt=\"\" width=\"512\" height=\"312\" srcset=\"https:\/\/www.buroperiodistico.com.mx\/wp-content\/uploads\/2025\/06\/DANZON.jpg 1024w, https:\/\/www.buroperiodistico.com.mx\/wp-content\/uploads\/2025\/06\/DANZON-300x183.jpg 300w, https:\/\/www.buroperiodistico.com.mx\/wp-content\/uploads\/2025\/06\/DANZON-768x468.jpg 768w\" sizes=\"auto, (max-width: 512px) 100vw, 512px\" \/>Nuevo Laredo, Tam (14-Junio-2025).-<\/strong><\/em> Con m\u00fasica, baile y mucho orgullo por las tradiciones, el \u201cViernes de Concierto y Danz\u00f3n\u201d se convirti\u00f3 en una verdadera fiesta para calentar motores rumbo a la celebraci\u00f3n del 177 aniversario de la fundaci\u00f3n de Nuevo Laredo.<\/p>\n<p dir=\"ltr\">El evento, que reuni\u00f3 a familias, adultos mayores y j\u00f3venes en un ambiente de alegr\u00eda y convivencia, tuvo como escenario la explanada de la Plaza Ju\u00e1rez, donde se presentaron con gran \u00e9xito la Centenaria Banda de M\u00fasica Municipal, el Grupo Folkl\u00f3rico \u201cCoatlicue\u201d y el Grupo de Danza \u201cMacehuani\u201d.<\/p>\n<p dir=\"ltr\">La velada estuvo marcada por la elegancia del danz\u00f3n, los sonidos tradicionales de la banda y la fuerza del baile folkl\u00f3rico, que hicieron vibrar el coraz\u00f3n de los asistentes y enaltecer las ra\u00edces culturales que dan identidad a esta ciudad fronteriza.<\/p>\n<p dir=\"ltr\">El \u201cViernes de Concierto y Danz\u00f3n\u201d forma parte de la cartelera de actividades organizadas por el Gobierno Municipal para conmemorar un aniversario m\u00e1s de la fundaci\u00f3n de Nuevo Laredo, reafirmando el compromiso con el arte, la cultura y la convivencia ciudadana.<\/p>\n<p dir=\"ltr\"><img loading=\"lazy\" decoding=\"async\" class=\"aligncenter size-full wp-image-164338\" src=\"https:\/\/www.buroperiodistico.com.mx\/wp-content\/uploads\/2025\/06\/DANZON-I.jpg\" alt=\"\" width=\"640\" height=\"428\" srcset=\"https:\/\/www.buroperiodistico.com.mx\/wp-content\/uploads\/2025\/06\/DANZON-I.jpg 640w, https:\/\/www.buroperiodistico.com.mx\/wp-content\/uploads\/2025\/06\/DANZON-I-300x201.jpg 300w\" sizes=\"auto, (max-width: 640px) 100vw, 640px\" \/> <img loading=\"lazy\" decoding=\"async\" class=\"aligncenter size-full wp-image-164340\" src=\"https:\/\/www.buroperiodistico.com.mx\/wp-content\/uploads\/2025\/06\/DANZON-III.jpg\" alt=\"\" width=\"640\" height=\"428\" srcset=\"https:\/\/www.buroperiodistico.com.mx\/wp-content\/uploads\/2025\/06\/DANZON-III.jpg 640w, https:\/\/www.buroperiodistico.com.mx\/wp-content\/uploads\/2025\/06\/DANZON-III-300x201.jpg 300w\" sizes=\"auto, (max-width: 640px) 100vw, 640px\" \/> <img loading=\"lazy\" decoding=\"async\" class=\"aligncenter size-full wp-image-164339\" src=\"https:\/\/www.buroperiodistico.com.mx\/wp-content\/uploads\/2025\/06\/DANZON-II.jpg\" alt=\"\" width=\"640\" height=\"428\" srcset=\"https:\/\/www.buroperiodistico.com.mx\/wp-content\/uploads\/2025\/06\/DANZON-II.jpg 640w, https:\/\/www.buroperiodistico.com.mx\/wp-content\/uploads\/2025\/06\/DANZON-II-300x201.jpg 300w\" sizes=\"auto, (max-width: 640px) 100vw, 640px\" \/><\/p>\n","protected":false},"excerpt":{"rendered":"<p>Nuevo Laredo, Tam (14-Junio-2025).- Con m\u00fasica, baile y mucho orgullo por las tradiciones, el \u201cViernes&#8230;<\/p>\n","protected":false},"author":1,"featured_media":164341,"comment_status":"closed","ping_status":"closed","sticky":false,"template":"","format":"standard","meta":{"footnotes":"","jetpack_publicize_message":"","jetpack_publicize_feature_enabled":true,"jetpack_social_post_already_shared":true,"jetpack_social_options":{"image_generator_settings":{"template":"highway","default_image_id":0,"font":"","enabled":false},"version":2}},"categories":[16],"tags":[],"class_list":["post-164337","post","type-post","status-publish","format-standard","has-post-thumbnail","hentry","category-nuevolaredo"],"jetpack_publicize_connections":[],"_links":{"self":[{"href":"https:\/\/www.buroperiodistico.com.mx\/index.php?rest_route=\/wp\/v2\/posts\/164337","targetHints":{"allow":["GET"]}}],"collection":[{"href":"https:\/\/www.buroperiodistico.com.mx\/index.php?rest_route=\/wp\/v2\/posts"}],"about":[{"href":"https:\/\/www.buroperiodistico.com.mx\/index.php?rest_route=\/wp\/v2\/types\/post"}],"author":[{"embeddable":true,"href":"https:\/\/www.buroperiodistico.com.mx\/index.php?rest_route=\/wp\/v2\/users\/1"}],"replies":[{"embeddable":true,"href":"https:\/\/www.buroperiodistico.com.mx\/index.php?rest_route=%2Fwp%2Fv2%2Fcomments&post=164337"}],"version-history":[{"count":0,"href":"https:\/\/www.buroperiodistico.com.mx\/index.php?rest_route=\/wp\/v2\/posts\/164337\/revisions"}],"wp:featuredmedia":[{"embeddable":true,"href":"https:\/\/www.buroperiodistico.com.mx\/index.php?rest_route=\/wp\/v2\/media\/164341"}],"wp:attachment":[{"href":"https:\/\/www.buroperiodistico.com.mx\/index.php?rest_route=%2Fwp%2Fv2%2Fmedia&parent=164337"}],"wp:term":[{"taxonomy":"category","embeddable":true,"href":"https:\/\/www.buroperiodistico.com.mx\/index.php?rest_route=%2Fwp%2Fv2%2Fcategories&post=164337"},{"taxonomy":"post_tag","embeddable":true,"href":"https:\/\/www.buroperiodistico.com.mx\/index.php?rest_route=%2Fwp%2Fv2%2Ftags&post=164337"}],"curies":[{"name":"wp","href":"https:\/\/api.w.org\/{rel}","templated":true}]}}