{"id":164330,"date":"2025-06-14T15:28:35","date_gmt":"2025-06-14T20:28:35","guid":{"rendered":"https:\/\/www.buroperiodistico.com.mx\/?p=164330"},"modified":"2025-06-14T15:28:35","modified_gmt":"2025-06-14T20:28:35","slug":"participa-uttn-en-reunion-nacional-de-tecnologias-de-la-informacion-y-comunicacion","status":"publish","type":"post","link":"https:\/\/www.buroperiodistico.com.mx\/?p=164330","title":{"rendered":"Participa UTTN en reuni\u00f3n nacional de Tecnolog\u00edas de la Informaci\u00f3n y Comunicaci\u00f3n"},"content":{"rendered":"<ul>\n<li><strong><em>La reuni\u00f3n tuvo el objetivo de fortalecer la colaboraci\u00f3n entre las instituciones educativas con los sectores productivos, impulsando la innovaci\u00f3n y el desarrollo<\/em><\/strong><\/li>\n<\/ul>\n<p><strong><img loading=\"lazy\" decoding=\"async\" class=\" wp-image-164331 alignright\" src=\"https:\/\/www.buroperiodistico.com.mx\/wp-content\/uploads\/2025\/06\/UTTComunicacion.jpeg\" alt=\"\" width=\"514\" height=\"302\" srcset=\"https:\/\/www.buroperiodistico.com.mx\/wp-content\/uploads\/2025\/06\/UTTComunicacion.jpeg 1024w, https:\/\/www.buroperiodistico.com.mx\/wp-content\/uploads\/2025\/06\/UTTComunicacion-300x176.jpeg 300w, https:\/\/www.buroperiodistico.com.mx\/wp-content\/uploads\/2025\/06\/UTTComunicacion-768x452.jpeg 768w\" sizes=\"auto, (max-width: 514px) 100vw, 514px\" \/>Reynosa, Tamaulipas (14-Junio-2025).-<\/strong> La Universidad Tecnol\u00f3gica de Tamaulipas Norte (UTTN) comparti\u00f3 su experiencia acad\u00e9mica en el \u00e1mbito de las Tecnolog\u00edas de la Informaci\u00f3n y la Comunicaci\u00f3n (TIC), al participar en la Reuni\u00f3n Anual para la Actualizaci\u00f3n Curricular, Aprendizaje Digital y Microcredenciales, realizada en la Universidad de Guadalajara.<\/p>\n<p>La instituci\u00f3n estuvo representada por Yves Anan\u00edas Flores Reyes, docente de la carrera de Ingenier\u00eda en Tecnolog\u00edas de la Informaci\u00f3n, quien resalt\u00f3 la importancia de fortalecer la relaci\u00f3n entre las universidades y el sector productivo, tal como lo hace la UTTN, en donde las empresas opinan sobre la actualizaci\u00f3n de planes de estudio, as\u00ed como en la implementaci\u00f3n de convenios y proyectos de colaboraci\u00f3n.<\/p>\n<p>Por su parte, Edgar Garza Hern\u00e1ndez, rector de la universidad, destac\u00f3 que la transferencia de tecnolog\u00eda entre empresas e instituciones educativas representa un factor clave para mejorar la calidad de la formaci\u00f3n, permitiendo a las y los estudiantes acceder a herramientas de alta tecnolog\u00eda y experiencias pr\u00e1cticas que enriquecen su aprendizaje.<\/p>\n<p>Expres\u00f3 que la reuni\u00f3n, convocada por el Consejo Educativo para la Transformaci\u00f3n Productiva y la Innovaci\u00f3n del Gobierno Federal, congreg\u00f3 a docentes y especialistas del sector de las tecnolog\u00edas para analizar las oportunidades dentro de las aulas y mejorar los conocimientos que adquieren las y los universitarios.<\/p>\n<p>Explic\u00f3 que el foro se dividi\u00f3 en dos partes. En la primera, se presentaron diversas ponencias y estad\u00edsticas sobre el panorama educativo en M\u00e9xico, haciendo \u00e9nfasis en la importancia del aprendizaje no formal y el reconocimiento de microcredenciales como herramientas clave en la formaci\u00f3n de estudiantes y profesionistas.<\/p>\n<p>\u201cSe resalt\u00f3 que Tamaulipas ocupa el sexto lugar nacional en producci\u00f3n total dentro de la industria de las TIC, gracias a una s\u00f3lida oferta educativa relacionada con \u00e1reas como Ciencia de Datos e Informaci\u00f3n, Ciencia de Datos e Inteligencia Artificial, Ciberseguridad, Desarrollo de Software y Telecomunicaciones, entre otras. Adem\u00e1s, se enfatiz\u00f3 la necesidad de integrar estos aprendizajes digitales dentro de los planes curriculares de nivel medio superior y superior\u201d, subray\u00f3.<\/p>\n<p>Mientras que en la segunda parte se efectuaron mesas de trabajo colaborativo, en donde se debati\u00f3 sobre la situaci\u00f3n actual del mercado laboral en el \u00e1mbito de las TIC, reiterando la relevancia de las microcredenciales tanto para estudiantes como para empleados.<\/p>\n<p>Garza Hern\u00e1ndez se\u00f1al\u00f3 que la reuni\u00f3n cumpli\u00f3 el objetivo de establecer acuerdos para avanzar en la alineaci\u00f3n curricular de los programas educativos con las necesidades del sector tecnol\u00f3gico, impulsando as\u00ed la pertinencia, calidad e innovaci\u00f3n en la educaci\u00f3n superior y t\u00e9cnica de nuestro pa\u00eds, lo cual cumple con la visi\u00f3n educativa que impulsa el gobernador Am\u00e9rico Villarreal Anaya, a trav\u00e9s de la Secretar\u00eda de Educaci\u00f3n, a cargo de su titular Miguel \u00c1ngel Valdez Garc\u00eda.<\/p>\n","protected":false},"excerpt":{"rendered":"<p>La reuni\u00f3n tuvo el objetivo de fortalecer la colaboraci\u00f3n entre las instituciones educativas con los&#8230;<\/p>\n","protected":false},"author":1,"featured_media":164331,"comment_status":"closed","ping_status":"closed","sticky":false,"template":"","format":"standard","meta":{"footnotes":"","jetpack_publicize_message":"","jetpack_publicize_feature_enabled":true,"jetpack_social_post_already_shared":true,"jetpack_social_options":{"image_generator_settings":{"template":"highway","default_image_id":0,"font":"","enabled":false},"version":2}},"categories":[25,10],"tags":[],"class_list":["post-164330","post","type-post","status-publish","format-standard","has-post-thumbnail","hentry","category-portada","category-tamaulipas"],"jetpack_publicize_connections":[],"_links":{"self":[{"href":"https:\/\/www.buroperiodistico.com.mx\/index.php?rest_route=\/wp\/v2\/posts\/164330","targetHints":{"allow":["GET"]}}],"collection":[{"href":"https:\/\/www.buroperiodistico.com.mx\/index.php?rest_route=\/wp\/v2\/posts"}],"about":[{"href":"https:\/\/www.buroperiodistico.com.mx\/index.php?rest_route=\/wp\/v2\/types\/post"}],"author":[{"embeddable":true,"href":"https:\/\/www.buroperiodistico.com.mx\/index.php?rest_route=\/wp\/v2\/users\/1"}],"replies":[{"embeddable":true,"href":"https:\/\/www.buroperiodistico.com.mx\/index.php?rest_route=%2Fwp%2Fv2%2Fcomments&post=164330"}],"version-history":[{"count":0,"href":"https:\/\/www.buroperiodistico.com.mx\/index.php?rest_route=\/wp\/v2\/posts\/164330\/revisions"}],"wp:featuredmedia":[{"embeddable":true,"href":"https:\/\/www.buroperiodistico.com.mx\/index.php?rest_route=\/wp\/v2\/media\/164331"}],"wp:attachment":[{"href":"https:\/\/www.buroperiodistico.com.mx\/index.php?rest_route=%2Fwp%2Fv2%2Fmedia&parent=164330"}],"wp:term":[{"taxonomy":"category","embeddable":true,"href":"https:\/\/www.buroperiodistico.com.mx\/index.php?rest_route=%2Fwp%2Fv2%2Fcategories&post=164330"},{"taxonomy":"post_tag","embeddable":true,"href":"https:\/\/www.buroperiodistico.com.mx\/index.php?rest_route=%2Fwp%2Fv2%2Ftags&post=164330"}],"curies":[{"name":"wp","href":"https:\/\/api.w.org\/{rel}","templated":true}]}}