{"id":164310,"date":"2025-06-14T14:44:02","date_gmt":"2025-06-14T19:44:02","guid":{"rendered":"https:\/\/www.buroperiodistico.com.mx\/?p=164310"},"modified":"2025-06-14T14:44:02","modified_gmt":"2025-06-14T19:44:02","slug":"festejara-carlos-pena-ortiz-dia-del-padre-con-festival-del-auto-reynosa-2025","status":"publish","type":"post","link":"https:\/\/www.buroperiodistico.com.mx\/?p=164310","title":{"rendered":"Festejar\u00e1 Carlos Pe\u00f1a Ortiz D\u00eda del Padre con Festival del Auto Reynosa 2025"},"content":{"rendered":"<p><em><strong><img loading=\"lazy\" decoding=\"async\" class=\"size-full wp-image-164311 alignright\" src=\"https:\/\/www.buroperiodistico.com.mx\/wp-content\/uploads\/2025\/06\/Festix-I.jpeg\" alt=\"\" width=\"480\" height=\"600\" srcset=\"https:\/\/www.buroperiodistico.com.mx\/wp-content\/uploads\/2025\/06\/Festix-I.jpeg 480w, https:\/\/www.buroperiodistico.com.mx\/wp-content\/uploads\/2025\/06\/Festix-I-240x300.jpeg 240w\" sizes=\"auto, (max-width: 480px) 100vw, 480px\" \/>Reynosa, Tam (14-Junio-2025).-<\/strong><\/em> El Alcalde Carlos Pe\u00f1a Ortiz te invita al Festival del Auto Reynosa 2025, este domingo 15 de junio, de 12:00 P. M. a 8:00 P. M., en el Polideportivo. Disfruta de:<\/p>\n<p>&#8211; Exhibici\u00f3n Drift.<br \/>\n&#8211; Concurso de SPL.<br \/>\n&#8211; Show de Cars &amp; Trucks.<br \/>\n&#8211; Arte de Micky \u00abPadre Santo\u00bb.<br \/>\n&#8211; M\u00fasica en vivo con La Sonora Dinamita, Banda La Coronela, El Kary JR y Alto Impacto.<\/p>\n<p>Entrada GRATIS. \u00a1No faltes! Ambiente 100% familiar.<\/p>\n<p>#ReynosaImparable<br \/>\n#GobiernoMunicipalDeReynosa<\/p>\n","protected":false},"excerpt":{"rendered":"<p>Reynosa, Tam (14-Junio-2025).- El Alcalde Carlos Pe\u00f1a Ortiz te invita al Festival del Auto Reynosa&#8230;<\/p>\n","protected":false},"author":1,"featured_media":164312,"comment_status":"closed","ping_status":"closed","sticky":false,"template":"","format":"standard","meta":{"footnotes":"","jetpack_publicize_message":"","jetpack_publicize_feature_enabled":true,"jetpack_social_post_already_shared":true,"jetpack_social_options":{"image_generator_settings":{"template":"highway","default_image_id":0,"font":"","enabled":false},"version":2}},"categories":[9],"tags":[],"class_list":["post-164310","post","type-post","status-publish","format-standard","has-post-thumbnail","hentry","category-reynosa"],"jetpack_publicize_connections":[],"_links":{"self":[{"href":"https:\/\/www.buroperiodistico.com.mx\/index.php?rest_route=\/wp\/v2\/posts\/164310","targetHints":{"allow":["GET"]}}],"collection":[{"href":"https:\/\/www.buroperiodistico.com.mx\/index.php?rest_route=\/wp\/v2\/posts"}],"about":[{"href":"https:\/\/www.buroperiodistico.com.mx\/index.php?rest_route=\/wp\/v2\/types\/post"}],"author":[{"embeddable":true,"href":"https:\/\/www.buroperiodistico.com.mx\/index.php?rest_route=\/wp\/v2\/users\/1"}],"replies":[{"embeddable":true,"href":"https:\/\/www.buroperiodistico.com.mx\/index.php?rest_route=%2Fwp%2Fv2%2Fcomments&post=164310"}],"version-history":[{"count":0,"href":"https:\/\/www.buroperiodistico.com.mx\/index.php?rest_route=\/wp\/v2\/posts\/164310\/revisions"}],"wp:featuredmedia":[{"embeddable":true,"href":"https:\/\/www.buroperiodistico.com.mx\/index.php?rest_route=\/wp\/v2\/media\/164312"}],"wp:attachment":[{"href":"https:\/\/www.buroperiodistico.com.mx\/index.php?rest_route=%2Fwp%2Fv2%2Fmedia&parent=164310"}],"wp:term":[{"taxonomy":"category","embeddable":true,"href":"https:\/\/www.buroperiodistico.com.mx\/index.php?rest_route=%2Fwp%2Fv2%2Fcategories&post=164310"},{"taxonomy":"post_tag","embeddable":true,"href":"https:\/\/www.buroperiodistico.com.mx\/index.php?rest_route=%2Fwp%2Fv2%2Ftags&post=164310"}],"curies":[{"name":"wp","href":"https:\/\/api.w.org\/{rel}","templated":true}]}}