{"id":164305,"date":"2025-06-14T14:38:40","date_gmt":"2025-06-14T19:38:40","guid":{"rendered":"https:\/\/www.buroperiodistico.com.mx\/?p=164305"},"modified":"2025-06-14T14:38:40","modified_gmt":"2025-06-14T19:38:40","slug":"sensibiliza-dif-reynosa-a-la-comunidad-sobre-la-importancia-de-una-ninez-libre-de-trabajo","status":"publish","type":"post","link":"https:\/\/www.buroperiodistico.com.mx\/?p=164305","title":{"rendered":"Sensibiliza DIF-Reynosa a la comunidad sobre la importancia de una ni\u00f1ez libre de trabajo"},"content":{"rendered":"<ul>\n<li><strong><em>Realizan recorrido en diversos puntos de la ciudad.<\/em><\/strong><\/li>\n<\/ul>\n<p><strong><img loading=\"lazy\" decoding=\"async\" class=\" wp-image-164308 alignright\" src=\"https:\/\/www.buroperiodistico.com.mx\/wp-content\/uploads\/2025\/06\/Sensix.jpeg\" alt=\"\" width=\"506\" height=\"315\" srcset=\"https:\/\/www.buroperiodistico.com.mx\/wp-content\/uploads\/2025\/06\/Sensix.jpeg 1024w, https:\/\/www.buroperiodistico.com.mx\/wp-content\/uploads\/2025\/06\/Sensix-300x187.jpeg 300w, https:\/\/www.buroperiodistico.com.mx\/wp-content\/uploads\/2025\/06\/Sensix-768x478.jpeg 768w\" sizes=\"auto, (max-width: 506px) 100vw, 506px\" \/>Reynosa, Tam (14-Junio-2025).-<\/strong> El Sistema DIF-Reynosa, que preside Carlos Luis Pe\u00f1a Garza, a trav\u00e9s del Programa de Atenci\u00f3n a Ni\u00f1as, Ni\u00f1os y Adolescentes en Riesgo y Trabajo Infantil, reforz\u00f3 su labor preventiva con una jornada de concientizaci\u00f3n en diversos puntos de la ciudad, para sensibilizar a la comunidad sobre la importancia de una ni\u00f1ez libre de trabajo, como parte de las acciones en el D\u00eda Mundial Contra el Trabajo Infantil.<\/p>\n<p>La directora general del DIF Municipal, Gabriela Rosas Blanco, acompa\u00f1ada de Adriana Padr\u00f3n S\u00e1nchez, Coordinadora de PANNARTI, as\u00ed como personal del programa, compartieron con los ciudadanos informaci\u00f3n y las alternativas de apoyo que ofrece el organismo de asistencia social para que los menores de edad contin\u00faen sus estudios y de esta forma tengan mejor calidad de vida.<\/p>\n<p>El Sistema DIF Municipal reafirma su compromiso de velar por el bienestar de la ni\u00f1ez reynosense, trabajando de manera continua para garantizar sus derechos y construir un futuro libre de trabajo infantil.<\/p>\n<p><img loading=\"lazy\" decoding=\"async\" class=\"aligncenter size-full wp-image-164306\" src=\"https:\/\/www.buroperiodistico.com.mx\/wp-content\/uploads\/2025\/06\/Sensix-I.jpeg\" alt=\"\" width=\"640\" height=\"427\" srcset=\"https:\/\/www.buroperiodistico.com.mx\/wp-content\/uploads\/2025\/06\/Sensix-I.jpeg 640w, https:\/\/www.buroperiodistico.com.mx\/wp-content\/uploads\/2025\/06\/Sensix-I-300x200.jpeg 300w\" sizes=\"auto, (max-width: 640px) 100vw, 640px\" \/> <img loading=\"lazy\" decoding=\"async\" class=\"aligncenter size-full wp-image-164307\" src=\"https:\/\/www.buroperiodistico.com.mx\/wp-content\/uploads\/2025\/06\/Sensix-II.jpeg\" alt=\"\" width=\"640\" height=\"427\" srcset=\"https:\/\/www.buroperiodistico.com.mx\/wp-content\/uploads\/2025\/06\/Sensix-II.jpeg 640w, https:\/\/www.buroperiodistico.com.mx\/wp-content\/uploads\/2025\/06\/Sensix-II-300x200.jpeg 300w\" sizes=\"auto, (max-width: 640px) 100vw, 640px\" \/><\/p>\n","protected":false},"excerpt":{"rendered":"<p>Realizan recorrido en diversos puntos de la ciudad. Reynosa, Tam (14-Junio-2025).- El Sistema DIF-Reynosa, que&#8230;<\/p>\n","protected":false},"author":1,"featured_media":164308,"comment_status":"closed","ping_status":"closed","sticky":false,"template":"","format":"standard","meta":{"footnotes":"","jetpack_publicize_message":"","jetpack_publicize_feature_enabled":true,"jetpack_social_post_already_shared":true,"jetpack_social_options":{"image_generator_settings":{"template":"highway","default_image_id":0,"font":"","enabled":false},"version":2}},"categories":[9],"tags":[],"class_list":["post-164305","post","type-post","status-publish","format-standard","has-post-thumbnail","hentry","category-reynosa"],"jetpack_publicize_connections":[],"_links":{"self":[{"href":"https:\/\/www.buroperiodistico.com.mx\/index.php?rest_route=\/wp\/v2\/posts\/164305","targetHints":{"allow":["GET"]}}],"collection":[{"href":"https:\/\/www.buroperiodistico.com.mx\/index.php?rest_route=\/wp\/v2\/posts"}],"about":[{"href":"https:\/\/www.buroperiodistico.com.mx\/index.php?rest_route=\/wp\/v2\/types\/post"}],"author":[{"embeddable":true,"href":"https:\/\/www.buroperiodistico.com.mx\/index.php?rest_route=\/wp\/v2\/users\/1"}],"replies":[{"embeddable":true,"href":"https:\/\/www.buroperiodistico.com.mx\/index.php?rest_route=%2Fwp%2Fv2%2Fcomments&post=164305"}],"version-history":[{"count":0,"href":"https:\/\/www.buroperiodistico.com.mx\/index.php?rest_route=\/wp\/v2\/posts\/164305\/revisions"}],"wp:featuredmedia":[{"embeddable":true,"href":"https:\/\/www.buroperiodistico.com.mx\/index.php?rest_route=\/wp\/v2\/media\/164308"}],"wp:attachment":[{"href":"https:\/\/www.buroperiodistico.com.mx\/index.php?rest_route=%2Fwp%2Fv2%2Fmedia&parent=164305"}],"wp:term":[{"taxonomy":"category","embeddable":true,"href":"https:\/\/www.buroperiodistico.com.mx\/index.php?rest_route=%2Fwp%2Fv2%2Fcategories&post=164305"},{"taxonomy":"post_tag","embeddable":true,"href":"https:\/\/www.buroperiodistico.com.mx\/index.php?rest_route=%2Fwp%2Fv2%2Ftags&post=164305"}],"curies":[{"name":"wp","href":"https:\/\/api.w.org\/{rel}","templated":true}]}}