{"id":164295,"date":"2025-06-14T12:32:23","date_gmt":"2025-06-14T17:32:23","guid":{"rendered":"https:\/\/www.buroperiodistico.com.mx\/?p=164295"},"modified":"2025-06-14T12:32:23","modified_gmt":"2025-06-14T17:32:23","slug":"celebran-en-cedes-victoria-encuentro-deportivo-transformando-vidas","status":"publish","type":"post","link":"https:\/\/www.buroperiodistico.com.mx\/?p=164295","title":{"rendered":"Celebran en CEDES Victoria encuentro deportivo \u201cTransformando Vidas\u201d"},"content":{"rendered":"<ul>\n<li><strong><em>Personas privadas de la libertad compartieron esta actividad deportiva con personal de la STyPS<\/em><\/strong><\/li>\n<\/ul>\n<p><strong><img loading=\"lazy\" decoding=\"async\" class=\" wp-image-164303 alignright\" src=\"https:\/\/www.buroperiodistico.com.mx\/wp-content\/uploads\/2025\/06\/Cedex-3.jpeg\" alt=\"\" width=\"534\" height=\"334\" srcset=\"https:\/\/www.buroperiodistico.com.mx\/wp-content\/uploads\/2025\/06\/Cedex-3.jpeg 1024w, https:\/\/www.buroperiodistico.com.mx\/wp-content\/uploads\/2025\/06\/Cedex-3-300x188.jpeg 300w, https:\/\/www.buroperiodistico.com.mx\/wp-content\/uploads\/2025\/06\/Cedex-3-768x480.jpeg 768w\" sizes=\"auto, (max-width: 534px) 100vw, 534px\" \/>Ciudad Victoria, Tamaulipas (14-Junio-2025).-<\/strong> Con base en la pol\u00edtica humanista del gobernador, Am\u00e9rico Villarreal Anaya, se llev\u00f3 a cabo el encuentro deportivo \u201cTransformando Vidas\u201d en el Centro de Ejecuci\u00f3n de Sanciones (CEDES) de Ciudad Victoria.<\/p>\n<p>Este consisti\u00f3 en jugar partidos de futbol en los que participaron dos equipos, uno ellos conformado por personas privadas de la libertad (PPLs) de los m\u00f3dulos Dos y Cinco; el otro conjunto integrado por personal administrativo y custodios penitenciarios del CEDES Victoria; y como visitante se recibi\u00f3 al equipo de la Secretar\u00eda del Trabajo y Previsi\u00f3n Social de Tamaulipas (STPST).<\/p>\n<p>Tras un empate, el marcador final dio el triunfo al equipo visitante con tres goles a favor anotados en la tanda de penales.<\/p>\n<p>La Secretar\u00eda de Seguridad P\u00fablica de Tamaulipas (SSPT) contin\u00faa sumando esfuerzos con otras dependencias del Gobierno del Estado para fomentar actividades que contribuyen al bienestar f\u00edsico y emocional de las personas en proceso de reinserci\u00f3n social, eliminando el estigma y discriminaci\u00f3n hacia este sector dependencias la poblaci\u00f3n.<\/p>\n<p>Esta actividad interinstitucional cont\u00f3 con la presencia del titular de la STPST, Luis Gerardo Illoldi Reyes; el director del CEDES Victoria, Fernando Aguilar De la Garza; y la directora de los Centros de Conciliaci\u00f3n de la STPST, Claudia Andrea Mart\u00ednez Molano.<\/p>\n<p><img loading=\"lazy\" decoding=\"async\" class=\"aligncenter size-full wp-image-164302\" src=\"https:\/\/www.buroperiodistico.com.mx\/wp-content\/uploads\/2025\/06\/Cedex-IIIIIII.jpeg\" alt=\"\" width=\"640\" height=\"427\" srcset=\"https:\/\/www.buroperiodistico.com.mx\/wp-content\/uploads\/2025\/06\/Cedex-IIIIIII.jpeg 640w, https:\/\/www.buroperiodistico.com.mx\/wp-content\/uploads\/2025\/06\/Cedex-IIIIIII-300x200.jpeg 300w\" sizes=\"auto, (max-width: 640px) 100vw, 640px\" \/> <img loading=\"lazy\" decoding=\"async\" class=\"aligncenter size-full wp-image-164301\" src=\"https:\/\/www.buroperiodistico.com.mx\/wp-content\/uploads\/2025\/06\/Cedex-IIIIII.jpeg\" alt=\"\" width=\"640\" height=\"427\" srcset=\"https:\/\/www.buroperiodistico.com.mx\/wp-content\/uploads\/2025\/06\/Cedex-IIIIII.jpeg 640w, https:\/\/www.buroperiodistico.com.mx\/wp-content\/uploads\/2025\/06\/Cedex-IIIIII-300x200.jpeg 300w\" sizes=\"auto, (max-width: 640px) 100vw, 640px\" \/> <img loading=\"lazy\" decoding=\"async\" class=\"aligncenter size-full wp-image-164300\" src=\"https:\/\/www.buroperiodistico.com.mx\/wp-content\/uploads\/2025\/06\/Cedex-IIIII-1.jpeg\" alt=\"\" width=\"640\" height=\"427\" srcset=\"https:\/\/www.buroperiodistico.com.mx\/wp-content\/uploads\/2025\/06\/Cedex-IIIII-1.jpeg 640w, https:\/\/www.buroperiodistico.com.mx\/wp-content\/uploads\/2025\/06\/Cedex-IIIII-1-300x200.jpeg 300w\" sizes=\"auto, (max-width: 640px) 100vw, 640px\" \/> <img loading=\"lazy\" decoding=\"async\" class=\"aligncenter size-full wp-image-164299\" src=\"https:\/\/www.buroperiodistico.com.mx\/wp-content\/uploads\/2025\/06\/Cedex-IIII-2.jpeg\" alt=\"\" width=\"640\" height=\"427\" srcset=\"https:\/\/www.buroperiodistico.com.mx\/wp-content\/uploads\/2025\/06\/Cedex-IIII-2.jpeg 640w, https:\/\/www.buroperiodistico.com.mx\/wp-content\/uploads\/2025\/06\/Cedex-IIII-2-300x200.jpeg 300w\" sizes=\"auto, (max-width: 640px) 100vw, 640px\" \/> <img loading=\"lazy\" decoding=\"async\" class=\"aligncenter size-full wp-image-164298\" src=\"https:\/\/www.buroperiodistico.com.mx\/wp-content\/uploads\/2025\/06\/Cedex-III-2.jpeg\" alt=\"\" width=\"640\" height=\"426\" srcset=\"https:\/\/www.buroperiodistico.com.mx\/wp-content\/uploads\/2025\/06\/Cedex-III-2.jpeg 640w, https:\/\/www.buroperiodistico.com.mx\/wp-content\/uploads\/2025\/06\/Cedex-III-2-300x200.jpeg 300w\" sizes=\"auto, (max-width: 640px) 100vw, 640px\" \/> <img loading=\"lazy\" decoding=\"async\" class=\"aligncenter size-full wp-image-164297\" src=\"https:\/\/www.buroperiodistico.com.mx\/wp-content\/uploads\/2025\/06\/Cedex-II-2.jpeg\" alt=\"\" width=\"640\" height=\"426\" srcset=\"https:\/\/www.buroperiodistico.com.mx\/wp-content\/uploads\/2025\/06\/Cedex-II-2.jpeg 640w, https:\/\/www.buroperiodistico.com.mx\/wp-content\/uploads\/2025\/06\/Cedex-II-2-300x200.jpeg 300w\" sizes=\"auto, (max-width: 640px) 100vw, 640px\" \/><\/p>\n","protected":false},"excerpt":{"rendered":"<p>Personas privadas de la libertad compartieron esta actividad deportiva con personal de la STyPS Ciudad&#8230;<\/p>\n","protected":false},"author":1,"featured_media":164303,"comment_status":"closed","ping_status":"closed","sticky":false,"template":"","format":"standard","meta":{"footnotes":"","jetpack_publicize_message":"","jetpack_publicize_feature_enabled":true,"jetpack_social_post_already_shared":true,"jetpack_social_options":{"image_generator_settings":{"template":"highway","default_image_id":0,"font":"","enabled":false},"version":2}},"categories":[17],"tags":[],"class_list":["post-164295","post","type-post","status-publish","format-standard","has-post-thumbnail","hentry","category-ciudadvictoria"],"jetpack_publicize_connections":[],"_links":{"self":[{"href":"https:\/\/www.buroperiodistico.com.mx\/index.php?rest_route=\/wp\/v2\/posts\/164295","targetHints":{"allow":["GET"]}}],"collection":[{"href":"https:\/\/www.buroperiodistico.com.mx\/index.php?rest_route=\/wp\/v2\/posts"}],"about":[{"href":"https:\/\/www.buroperiodistico.com.mx\/index.php?rest_route=\/wp\/v2\/types\/post"}],"author":[{"embeddable":true,"href":"https:\/\/www.buroperiodistico.com.mx\/index.php?rest_route=\/wp\/v2\/users\/1"}],"replies":[{"embeddable":true,"href":"https:\/\/www.buroperiodistico.com.mx\/index.php?rest_route=%2Fwp%2Fv2%2Fcomments&post=164295"}],"version-history":[{"count":0,"href":"https:\/\/www.buroperiodistico.com.mx\/index.php?rest_route=\/wp\/v2\/posts\/164295\/revisions"}],"wp:featuredmedia":[{"embeddable":true,"href":"https:\/\/www.buroperiodistico.com.mx\/index.php?rest_route=\/wp\/v2\/media\/164303"}],"wp:attachment":[{"href":"https:\/\/www.buroperiodistico.com.mx\/index.php?rest_route=%2Fwp%2Fv2%2Fmedia&parent=164295"}],"wp:term":[{"taxonomy":"category","embeddable":true,"href":"https:\/\/www.buroperiodistico.com.mx\/index.php?rest_route=%2Fwp%2Fv2%2Fcategories&post=164295"},{"taxonomy":"post_tag","embeddable":true,"href":"https:\/\/www.buroperiodistico.com.mx\/index.php?rest_route=%2Fwp%2Fv2%2Ftags&post=164295"}],"curies":[{"name":"wp","href":"https:\/\/api.w.org\/{rel}","templated":true}]}}