{"id":164289,"date":"2025-06-14T12:26:58","date_gmt":"2025-06-14T17:26:58","guid":{"rendered":"https:\/\/www.buroperiodistico.com.mx\/?p=164289"},"modified":"2025-06-14T12:26:58","modified_gmt":"2025-06-14T17:26:58","slug":"oficinas-fiscales-de-la-frontera-chica-impulsan-modelo-de-atencion-humanista","status":"publish","type":"post","link":"https:\/\/www.buroperiodistico.com.mx\/?p=164289","title":{"rendered":"Oficinas Fiscales de la frontera chica impulsan modelo de atenci\u00f3n humanista"},"content":{"rendered":"<ul>\n<li><strong><em><img loading=\"lazy\" decoding=\"async\" class=\" wp-image-164293 alignright\" src=\"https:\/\/www.buroperiodistico.com.mx\/wp-content\/uploads\/2025\/06\/Ofixina.jpeg\" alt=\"\" width=\"508\" height=\"286\" srcset=\"https:\/\/www.buroperiodistico.com.mx\/wp-content\/uploads\/2025\/06\/Ofixina.jpeg 1024w, https:\/\/www.buroperiodistico.com.mx\/wp-content\/uploads\/2025\/06\/Ofixina-300x169.jpeg 300w, https:\/\/www.buroperiodistico.com.mx\/wp-content\/uploads\/2025\/06\/Ofixina-768x432.jpeg 768w\" sizes=\"auto, (max-width: 508px) 100vw, 508px\" \/>Con impulso del Gobernador Am\u00e9rico Villarreal Anaya, destac\u00f3 Marcelo Ol\u00e1n Mendoza, director de Oficinas Fiscales del Estado.<\/em><\/strong><\/li>\n<\/ul>\n<p><strong>(14-Junio-2025).-<\/strong> Las oficinas fiscales de la frontera chica recibieron una importante visita del director de Oficinas Fiscales del Estado, Lic. Marcelo Ol\u00e1n Mendoza, quien durante su recorrido no solo reconoci\u00f3 la labor de los equipos locales, sino que tambi\u00e9n comparti\u00f3 un modelo de atenci\u00f3n al contribuyente que busca replicarse en todo Tamaulipas, alineado con el proyecto humanista del Gobernador Dr. Am\u00e9rico Villarreal Anaya.<\/p>\n<p>Interpretando la visi\u00f3n del Secretario de Finanzas del Estado, Dr. Jes\u00fas Lav\u00edn Ver\u00e1stegui, Marcelo Ol\u00e1n Mendoza sostuvo reuniones clave con los jefes fiscales de D\u00edaz Ordaz, Camargo, Miguel Alem\u00e1n y Ciudad Mier y en estos encuentros se revisaron los avances y se definieron estrategias para fortalecer la atenci\u00f3n ciudadana, priorizando un trato de calidad y la aplicaci\u00f3n de acciones humanistas.<\/p>\n<p>Un punto central de la visita fue la implementaci\u00f3n de la experiencia de la \u201cCaja empresarial\u00bb, una iniciativa dise\u00f1ada para agilizar tr\u00e1mites a la iniciativa privada, brindando atenci\u00f3n con resultados efectivos.<\/p>\n<p>Ol\u00e1n Mendoza enfatiz\u00f3 que la prioridad del Gobernador Am\u00e9rico Villarreal Anaya es que estos modelos impulsados desde el ejecutivo estatal se traduzcan en una atenci\u00f3n digna y de calidad para ciudadanos y empresarios, a la vez que se logre una mejora continua en los servicios ofrecidos por las Oficinas Fiscales del Estado.<\/p>\n<p><img loading=\"lazy\" decoding=\"async\" class=\"aligncenter size-full wp-image-164290\" src=\"https:\/\/www.buroperiodistico.com.mx\/wp-content\/uploads\/2025\/06\/Ofixina-I.jpeg\" alt=\"\" width=\"640\" height=\"318\" srcset=\"https:\/\/www.buroperiodistico.com.mx\/wp-content\/uploads\/2025\/06\/Ofixina-I.jpeg 640w, https:\/\/www.buroperiodistico.com.mx\/wp-content\/uploads\/2025\/06\/Ofixina-I-300x149.jpeg 300w\" sizes=\"auto, (max-width: 640px) 100vw, 640px\" \/> <img loading=\"lazy\" decoding=\"async\" class=\"aligncenter size-full wp-image-164292\" src=\"https:\/\/www.buroperiodistico.com.mx\/wp-content\/uploads\/2025\/06\/Ofixina-III.jpeg\" alt=\"\" width=\"640\" height=\"225\" srcset=\"https:\/\/www.buroperiodistico.com.mx\/wp-content\/uploads\/2025\/06\/Ofixina-III.jpeg 640w, https:\/\/www.buroperiodistico.com.mx\/wp-content\/uploads\/2025\/06\/Ofixina-III-300x105.jpeg 300w\" sizes=\"auto, (max-width: 640px) 100vw, 640px\" \/> <img loading=\"lazy\" decoding=\"async\" class=\"aligncenter size-full wp-image-164291\" src=\"https:\/\/www.buroperiodistico.com.mx\/wp-content\/uploads\/2025\/06\/Ofixina-II.jpeg\" alt=\"\" width=\"640\" height=\"178\" srcset=\"https:\/\/www.buroperiodistico.com.mx\/wp-content\/uploads\/2025\/06\/Ofixina-II.jpeg 640w, https:\/\/www.buroperiodistico.com.mx\/wp-content\/uploads\/2025\/06\/Ofixina-II-300x83.jpeg 300w\" sizes=\"auto, (max-width: 640px) 100vw, 640px\" \/><\/p>\n","protected":false},"excerpt":{"rendered":"<p>Con impulso del Gobernador Am\u00e9rico Villarreal Anaya, destac\u00f3 Marcelo Ol\u00e1n Mendoza, director de Oficinas Fiscales&#8230;<\/p>\n","protected":false},"author":1,"featured_media":164293,"comment_status":"closed","ping_status":"closed","sticky":false,"template":"","format":"standard","meta":{"footnotes":"","jetpack_publicize_message":"","jetpack_publicize_feature_enabled":true,"jetpack_social_post_already_shared":true,"jetpack_social_options":{"image_generator_settings":{"template":"highway","default_image_id":0,"font":"","enabled":false},"version":2}},"categories":[9],"tags":[],"class_list":["post-164289","post","type-post","status-publish","format-standard","has-post-thumbnail","hentry","category-reynosa"],"jetpack_publicize_connections":[],"_links":{"self":[{"href":"https:\/\/www.buroperiodistico.com.mx\/index.php?rest_route=\/wp\/v2\/posts\/164289","targetHints":{"allow":["GET"]}}],"collection":[{"href":"https:\/\/www.buroperiodistico.com.mx\/index.php?rest_route=\/wp\/v2\/posts"}],"about":[{"href":"https:\/\/www.buroperiodistico.com.mx\/index.php?rest_route=\/wp\/v2\/types\/post"}],"author":[{"embeddable":true,"href":"https:\/\/www.buroperiodistico.com.mx\/index.php?rest_route=\/wp\/v2\/users\/1"}],"replies":[{"embeddable":true,"href":"https:\/\/www.buroperiodistico.com.mx\/index.php?rest_route=%2Fwp%2Fv2%2Fcomments&post=164289"}],"version-history":[{"count":0,"href":"https:\/\/www.buroperiodistico.com.mx\/index.php?rest_route=\/wp\/v2\/posts\/164289\/revisions"}],"wp:featuredmedia":[{"embeddable":true,"href":"https:\/\/www.buroperiodistico.com.mx\/index.php?rest_route=\/wp\/v2\/media\/164293"}],"wp:attachment":[{"href":"https:\/\/www.buroperiodistico.com.mx\/index.php?rest_route=%2Fwp%2Fv2%2Fmedia&parent=164289"}],"wp:term":[{"taxonomy":"category","embeddable":true,"href":"https:\/\/www.buroperiodistico.com.mx\/index.php?rest_route=%2Fwp%2Fv2%2Fcategories&post=164289"},{"taxonomy":"post_tag","embeddable":true,"href":"https:\/\/www.buroperiodistico.com.mx\/index.php?rest_route=%2Fwp%2Fv2%2Ftags&post=164289"}],"curies":[{"name":"wp","href":"https:\/\/api.w.org\/{rel}","templated":true}]}}