{"id":164273,"date":"2025-06-13T21:22:44","date_gmt":"2025-06-14T02:22:44","guid":{"rendered":"https:\/\/www.buroperiodistico.com.mx\/?p=164273"},"modified":"2025-06-13T21:22:44","modified_gmt":"2025-06-14T02:22:44","slug":"de-primerala-dama-de-la-noticia-por-arabela-garcia-17","status":"publish","type":"post","link":"https:\/\/www.buroperiodistico.com.mx\/?p=164273","title":{"rendered":"DE PRIMERA\u2026LA DAMA DE LA NOTICIA\/ POR ARABELA GARCIA"},"content":{"rendered":"<ul>\n<li><strong>\u00a0Sobre transparencia y rendici\u00f3n de cuentas en Tamaulipas:<\/strong><\/li>\n<li><strong><em>\u00a1Milagro en el norte! Tamaulipas presume cuentas limpias&#8230; y nadie ha despertado a\u00fan del asombro.<\/em><\/strong><\/li>\n<li><strong>\u00a0Sobre el aniversario de Nuevo Laredo y el NLD Fest:<\/strong><\/li>\n<li><strong><em>Transparencia en Victoria, campechaneada en la frontera: en Tamaulipas se rinde cuentas&#8230; y se sirve pulled pork.<\/em><\/strong><\/li>\n<\/ul>\n<p><em><strong>(13-Junio-2025).-<\/strong><\/em> Por fin, Tamaulipas aparece en el escenario nacional no por esc\u00e1ndalos de corrupci\u00f3n, desv\u00edos millonarios o redes de complicidad institucionalizada, sino como ejemplo \u2014s\u00ed, ejemplo\u2014 de transparencia, fiscalizaci\u00f3n y rendici\u00f3n de cuentas. La visita de la plana mayor de la Auditor\u00eda Superior de la Federaci\u00f3n (ASF), encabezada por su titular David Colmenares P\u00e1ramo, no fue un acto de cortes\u00eda, sino un reconocimiento formal: el gobierno de Am\u00e9rico Villarreal Anaya ha logrado lo que pocos estados, especialmente en el norte del pa\u00eds, han conseguido en los \u00faltimos a\u00f1os. Y eso merece ser dicho con claridad.<\/p>\n<p>Pero tambi\u00e9n exige algo m\u00e1s: que este compromiso no se quede en el discurso. Que la transparencia no sea una etiqueta de moda ni un evento con micr\u00f3fono y aplausos. Que el mensaje de \u00abno robar, no mentir y no traicionar al pueblo\u00bb se traduzca en auditor\u00edas implacables, en sanciones ejemplares y en una vigilancia constante desde el poder y desde la ciudadan\u00eda.<\/p>\n<p>Durante el evento en Ciudad Victoria, la contralora Norma Ang\u00e9lica Pedraza Melo fue enf\u00e1tica al destacar la pulcritud en el manejo del gasto federalizado. Francisco Noriega Orozco, Auditor Superior del Estado, remarc\u00f3 lo inaudito: la Cuenta P\u00fablica de 2023 <em>no recibi\u00f3 observaciones<\/em>. \u00bfMilagro? No. <em>Voluntad pol\u00edtica y t\u00e9cnica<\/em>. Pero cuidado: no bajar la guardia debe ser el nuevo mandato. En transparencia no hay zonas de confort.<\/p>\n<p>Porque, recordemos, este mismo Estado sufri\u00f3 durante a\u00f1os un saqueo sistem\u00e1tico. Se lleg\u00f3 incluso \u2014como denunci\u00f3 Villarreal\u2014 a dar la instrucci\u00f3n desde el sexenio anterior de desaparecer los \u00f3rganos de control interno. Esa es la gravedad del punto de partida. Por eso, cualquier paso hacia adelante no debe celebrarse con complacencia, sino con la firme determinaci\u00f3n de que no hay regreso posible a las viejas pr\u00e1cticas de opacidad y complicidad.<\/p>\n<p style=\"text-align: center;\"><strong>La transparencia tambi\u00e9n se celebra&#8230; en la calle<\/strong><\/p>\n<p>Y mientras en Victoria se hablaba de rendici\u00f3n de cuentas, en Nuevo Laredo se preparaba una fiesta. La ciudad celebra su 177\u00b0 aniversario con un evento a la altura de su identidad fronteriza. El NLD Fest ser\u00e1 un escaparate de cultura popular, m\u00fasica, sabor y orgullo local. <em>El Tri<\/em>, <em>La Trakalosa de Monterrey<\/em>, <em>La Leyenda<\/em> y <em>El Gran Silencio<\/em> pondr\u00e1n el ritmo; mientras tanto, la ya tradicional Campechaneada deleitar\u00e1 a miles con m\u00e1s de 400 kilos de pulled pork ahumado. Una celebraci\u00f3n para todos los sentidos.<\/p>\n<p>La alcaldesa Carmen Lilia Canturosas, sabe que gobernar tambi\u00e9n es generar espacios de convivencia y reforzar el tejido social. En ese sentido, el festejo no es solo un espect\u00e1culo: es una apuesta por el sentido de pertenencia, por la cohesi\u00f3n comunitaria. Y no es poca cosa en tiempos en los que el orgullo por el lugar que uno habita se convierte, a veces, en el \u00faltimo basti\u00f3n de esperanza.<\/p>\n<p>Carmen Lilia tiene proyecci\u00f3n. Y no lo oculta. Con reelecci\u00f3n en mano y aprobaci\u00f3n popular consolidada, ya se le menciona como una carta fuerte para el 2028. \u00bfTiene con qu\u00e9? El tiempo lo dir\u00e1. Pero hoy, mientras en la capital se rinde cuentas con honestidad, en la frontera se celebra con pasi\u00f3n. Y ambas cosas \u2014transparencia y celebraci\u00f3n\u2014 son se\u00f1ales de un Tamaulipas que comienza a escribirse con dignidad.<\/p>\n<p>Porque rendir cuentas tambi\u00e9n es una forma de gobernar. Y celebrar, una forma de decir: aqu\u00ed estamos. Aqu\u00ed seguimos.<\/p>\n<p>Sugerencias y comentarios arabelagarcia01@hotmail.com<\/p>\n","protected":false},"excerpt":{"rendered":"<p>\u00a0Sobre transparencia y rendici\u00f3n de cuentas en Tamaulipas: \u00a1Milagro en el norte! Tamaulipas presume cuentas&#8230;<\/p>\n","protected":false},"author":1,"featured_media":149592,"comment_status":"closed","ping_status":"closed","sticky":false,"template":"","format":"standard","meta":{"footnotes":"","jetpack_publicize_message":"","jetpack_publicize_feature_enabled":true,"jetpack_social_post_already_shared":true,"jetpack_social_options":{"image_generator_settings":{"template":"highway","default_image_id":0,"font":"","enabled":false},"version":2}},"categories":[23],"tags":[],"class_list":["post-164273","post","type-post","status-publish","format-standard","has-post-thumbnail","hentry","category-columnas"],"jetpack_publicize_connections":[],"_links":{"self":[{"href":"https:\/\/www.buroperiodistico.com.mx\/index.php?rest_route=\/wp\/v2\/posts\/164273","targetHints":{"allow":["GET"]}}],"collection":[{"href":"https:\/\/www.buroperiodistico.com.mx\/index.php?rest_route=\/wp\/v2\/posts"}],"about":[{"href":"https:\/\/www.buroperiodistico.com.mx\/index.php?rest_route=\/wp\/v2\/types\/post"}],"author":[{"embeddable":true,"href":"https:\/\/www.buroperiodistico.com.mx\/index.php?rest_route=\/wp\/v2\/users\/1"}],"replies":[{"embeddable":true,"href":"https:\/\/www.buroperiodistico.com.mx\/index.php?rest_route=%2Fwp%2Fv2%2Fcomments&post=164273"}],"version-history":[{"count":0,"href":"https:\/\/www.buroperiodistico.com.mx\/index.php?rest_route=\/wp\/v2\/posts\/164273\/revisions"}],"wp:featuredmedia":[{"embeddable":true,"href":"https:\/\/www.buroperiodistico.com.mx\/index.php?rest_route=\/wp\/v2\/media\/149592"}],"wp:attachment":[{"href":"https:\/\/www.buroperiodistico.com.mx\/index.php?rest_route=%2Fwp%2Fv2%2Fmedia&parent=164273"}],"wp:term":[{"taxonomy":"category","embeddable":true,"href":"https:\/\/www.buroperiodistico.com.mx\/index.php?rest_route=%2Fwp%2Fv2%2Fcategories&post=164273"},{"taxonomy":"post_tag","embeddable":true,"href":"https:\/\/www.buroperiodistico.com.mx\/index.php?rest_route=%2Fwp%2Fv2%2Ftags&post=164273"}],"curies":[{"name":"wp","href":"https:\/\/api.w.org\/{rel}","templated":true}]}}