{"id":164259,"date":"2025-06-13T21:11:17","date_gmt":"2025-06-14T02:11:17","guid":{"rendered":"https:\/\/www.buroperiodistico.com.mx\/?p=164259"},"modified":"2025-06-13T21:11:17","modified_gmt":"2025-06-14T02:11:17","slug":"trabajaran-en-conjunto-sebien-e-inegi-para-mejorar-impacto-de-programas-sociales","status":"publish","type":"post","link":"https:\/\/www.buroperiodistico.com.mx\/?p=164259","title":{"rendered":"Trabajar\u00e1n en conjunto SEBIEN e INEGI para mejorar impacto de programas sociales"},"content":{"rendered":"<p><em><strong><img loading=\"lazy\" decoding=\"async\" class=\" wp-image-164261 alignright\" src=\"https:\/\/www.buroperiodistico.com.mx\/wp-content\/uploads\/2025\/06\/Sebienx-1.jpeg\" alt=\"\" width=\"519\" height=\"318\" srcset=\"https:\/\/www.buroperiodistico.com.mx\/wp-content\/uploads\/2025\/06\/Sebienx-1.jpeg 1024w, https:\/\/www.buroperiodistico.com.mx\/wp-content\/uploads\/2025\/06\/Sebienx-1-300x184.jpeg 300w, https:\/\/www.buroperiodistico.com.mx\/wp-content\/uploads\/2025\/06\/Sebienx-1-768x471.jpeg 768w\" sizes=\"auto, (max-width: 519px) 100vw, 519px\" \/>Ciudad Victoria, Tamaulipas.-<\/strong><\/em> La voluntad de colaboraci\u00f3n que existe con el Instituto Nacional de Estad\u00edstica, Geograf\u00eda e Historia (INEGI) fue reiterada con la visita del nuevo coordinador estatal de este organismo en Tamaulipas, Rigoberto Beltr\u00e1n Sarabia, a la Secretar\u00eda de Bienestar Social que dirige Silvia Casas Gonz\u00e1lez, qui\u00e9n resalt\u00f3 la gran utilidad de las publicaciones estad\u00edsticas y geogr\u00e1ficas que realiza el Instituto.<\/p>\n<p>Inform\u00f3 que en su visita, Beltr\u00e1n Sarabia habl\u00f3 de la pr\u00f3xima Encuesta Nacional de Ingreso y Gasto en los Hogares, cuyos resultados se ponen a disposici\u00f3n de las entidades federativas para la toma de decisiones en el dise\u00f1o de sus pol\u00edticas p\u00fablicas para el desarrollo.<\/p>\n<p>Por el momento, el INEGI inform\u00f3 que est\u00e1 preparando las herramientas para un muestreo cuyo objetivo es proporcionar el comportamiento estad\u00edstico de los ingresos y gasto de los hogares en cuanto a su origen, distribuci\u00f3n y montos, as\u00ed tambi\u00e9n datos que reflejan lugares de trabajo de quienes integran los hogares, el tipo de vivienda en que habitan y su equipamiento.<\/p>\n<p>Es por ello que la secretaria de Bienestar Social, subray\u00f3 la importancia de acciones colaborativas que lleven a contar con instrumentos tan importantes como lo es la informaci\u00f3n estad\u00edstica y geogr\u00e1fica, que van a permitir un trabajo eficaz y profundamente humanista, tal como lo promueve el gobernador Am\u00e9rico Villarreal Anaya, en las acciones que van encaminadas a prioriza el bienestar de las personas en situaci\u00f3n vulnerable.<\/p>\n<p>\u201cVamos a trabajar en conjunto, es sabido que los programas sociales contribuyen de manera muy significativa en los hogares de las tamaulipecas, de los tamaulipecos y de los mexicanos en general\u201d, indic\u00f3.<\/p>\n<p>Los datos estad\u00edsticos correspondientes a este a\u00f1o, ser\u00e1n anunciados muy pronto, en cumplimiento a uno de los objetivos de presentar informaci\u00f3n oportuna que tiene el INEGI, puntualiz\u00f3 Casas Gonz\u00e1lez.<\/p>\n<p><img loading=\"lazy\" decoding=\"async\" class=\"aligncenter size-full wp-image-164260\" src=\"https:\/\/www.buroperiodistico.com.mx\/wp-content\/uploads\/2025\/06\/Sebienx-I-1.jpeg\" alt=\"\" width=\"640\" height=\"426\" srcset=\"https:\/\/www.buroperiodistico.com.mx\/wp-content\/uploads\/2025\/06\/Sebienx-I-1.jpeg 640w, https:\/\/www.buroperiodistico.com.mx\/wp-content\/uploads\/2025\/06\/Sebienx-I-1-300x200.jpeg 300w\" sizes=\"auto, (max-width: 640px) 100vw, 640px\" \/><\/p>\n","protected":false},"excerpt":{"rendered":"<p>Ciudad Victoria, Tamaulipas.- La voluntad de colaboraci\u00f3n que existe con el Instituto Nacional de Estad\u00edstica,&#8230;<\/p>\n","protected":false},"author":1,"featured_media":164261,"comment_status":"closed","ping_status":"closed","sticky":false,"template":"","format":"standard","meta":{"footnotes":"","jetpack_publicize_message":"","jetpack_publicize_feature_enabled":true,"jetpack_social_post_already_shared":true,"jetpack_social_options":{"image_generator_settings":{"template":"highway","default_image_id":0,"font":"","enabled":false},"version":2}},"categories":[10],"tags":[],"class_list":["post-164259","post","type-post","status-publish","format-standard","has-post-thumbnail","hentry","category-tamaulipas"],"jetpack_publicize_connections":[],"_links":{"self":[{"href":"https:\/\/www.buroperiodistico.com.mx\/index.php?rest_route=\/wp\/v2\/posts\/164259","targetHints":{"allow":["GET"]}}],"collection":[{"href":"https:\/\/www.buroperiodistico.com.mx\/index.php?rest_route=\/wp\/v2\/posts"}],"about":[{"href":"https:\/\/www.buroperiodistico.com.mx\/index.php?rest_route=\/wp\/v2\/types\/post"}],"author":[{"embeddable":true,"href":"https:\/\/www.buroperiodistico.com.mx\/index.php?rest_route=\/wp\/v2\/users\/1"}],"replies":[{"embeddable":true,"href":"https:\/\/www.buroperiodistico.com.mx\/index.php?rest_route=%2Fwp%2Fv2%2Fcomments&post=164259"}],"version-history":[{"count":0,"href":"https:\/\/www.buroperiodistico.com.mx\/index.php?rest_route=\/wp\/v2\/posts\/164259\/revisions"}],"wp:featuredmedia":[{"embeddable":true,"href":"https:\/\/www.buroperiodistico.com.mx\/index.php?rest_route=\/wp\/v2\/media\/164261"}],"wp:attachment":[{"href":"https:\/\/www.buroperiodistico.com.mx\/index.php?rest_route=%2Fwp%2Fv2%2Fmedia&parent=164259"}],"wp:term":[{"taxonomy":"category","embeddable":true,"href":"https:\/\/www.buroperiodistico.com.mx\/index.php?rest_route=%2Fwp%2Fv2%2Fcategories&post=164259"},{"taxonomy":"post_tag","embeddable":true,"href":"https:\/\/www.buroperiodistico.com.mx\/index.php?rest_route=%2Fwp%2Fv2%2Ftags&post=164259"}],"curies":[{"name":"wp","href":"https:\/\/api.w.org\/{rel}","templated":true}]}}