{"id":164254,"date":"2025-06-13T21:06:11","date_gmt":"2025-06-14T02:06:11","guid":{"rendered":"https:\/\/www.buroperiodistico.com.mx\/?p=164254"},"modified":"2025-06-13T21:06:11","modified_gmt":"2025-06-14T02:06:11","slug":"unen-esfuerzos-itavu-y-notarios-para-dar-seguridad-patrimonial-a-la-ciudadania","status":"publish","type":"post","link":"https:\/\/www.buroperiodistico.com.mx\/?p=164254","title":{"rendered":"Unen esfuerzos ITAVU y notarios para dar seguridad patrimonial a la ciudadan\u00eda"},"content":{"rendered":"<ul>\n<li><strong><em>Firman un convenio que permitir\u00e1 simplificar tr\u00e1mites y mejorar la gesti\u00f3n en materia de vivienda<\/em><\/strong><\/li>\n<\/ul>\n<p><strong><img loading=\"lazy\" decoding=\"async\" class=\" wp-image-164257 alignright\" src=\"https:\/\/www.buroperiodistico.com.mx\/wp-content\/uploads\/2025\/06\/ITVUx.jpeg\" alt=\"\" width=\"574\" height=\"359\" srcset=\"https:\/\/www.buroperiodistico.com.mx\/wp-content\/uploads\/2025\/06\/ITVUx.jpeg 1024w, https:\/\/www.buroperiodistico.com.mx\/wp-content\/uploads\/2025\/06\/ITVUx-300x188.jpeg 300w, https:\/\/www.buroperiodistico.com.mx\/wp-content\/uploads\/2025\/06\/ITVUx-768x481.jpeg 768w\" sizes=\"auto, (max-width: 574px) 100vw, 574px\" \/>Ciudad Victoria, Tamaulipas (13-Junio-2025).-<\/strong> Con el compromiso de construir un entorno de mayor certeza patrimonial para las familias tamaulipecas, el Instituto Tamaulipeco de Vivienda y Urbanismo (ITAVU) y el Colegio de Notarios del Estado formalizaron un acuerdo de colaboraci\u00f3n que permitir\u00e1 simplificar tr\u00e1mites y mejorar la gesti\u00f3n en materia de vivienda.<\/p>\n<p>La firma del convenio fue encabezada por el director general del ITAVU, Manuel Guillermo Trevi\u00f1o Cant\u00fa, y el presidente del Colegio de Notarios de Tamaulipas, Ra\u00fal Enrique Padilla Garc\u00eda. Esta alianza representa un paso estrat\u00e9gico para fortalecer la coordinaci\u00f3n entre ambas instituciones y acelerar los procesos que permiten a las y los ciudadanos acceder a servicios legales en temas de vivienda.<\/p>\n<p>\u201cNuestro objetivo es claro: dar mayor celeridad, reducir costos y hacer m\u00e1s eficiente cada paso que da una familia para obtener certeza sobre su patrimonio\u201d, expres\u00f3 Trevi\u00f1o Cant\u00fa, al destacar el respaldo del gobernador Am\u00e9rico Villarreal Anaya para llevar bienestar a quienes m\u00e1s lo necesitan.<\/p>\n<p>El acuerdo contempla mecanismos de participaci\u00f3n conjunta que faciliten el uso adecuado de los instrumentos p\u00fablicos en procesos relacionados con vivienda, como regularizaci\u00f3n, escrituraci\u00f3n y otros actos jur\u00eddicos fundamentales para garantizar seguridad jur\u00eddica.<\/p>\n<p>Por su parte, Padilla Garc\u00eda subray\u00f3 la importancia de esta colaboraci\u00f3n para lograr que m\u00e1s familias tengan acceso a servicios notariales en condiciones accesibles y con acompa\u00f1amiento profesional, \u201ccuando trabajamos juntos, los resultados se ven en el bienestar de la gente. Este convenio nos permite ser parte activa de ese cambio positivo\u201d.<\/p>\n<p>Este esfuerzo institucional tambi\u00e9n responde a una visi\u00f3n de gobierno que promueve pol\u00edticas p\u00fablicas con enfoque humanista, donde la vivienda no solo es una necesidad b\u00e1sica, sino un derecho que debe ejercerse con dignidad, orden y legalidad.<\/p>\n<p>El ITAVU refrenda as\u00ed su compromiso de seguir construyendo puentes de colaboraci\u00f3n que permitan a m\u00e1s tamaulipecas y tamaulipecos vivir mejor, con hogares seguros, tr\u00e1mites m\u00e1s sencillos y una administraci\u00f3n p\u00fablica cercana a la gente.<\/p>\n<p><img loading=\"lazy\" decoding=\"async\" class=\"aligncenter size-full wp-image-164255\" src=\"https:\/\/www.buroperiodistico.com.mx\/wp-content\/uploads\/2025\/06\/ITVUx-I.jpeg\" alt=\"\" width=\"640\" height=\"426\" srcset=\"https:\/\/www.buroperiodistico.com.mx\/wp-content\/uploads\/2025\/06\/ITVUx-I.jpeg 640w, https:\/\/www.buroperiodistico.com.mx\/wp-content\/uploads\/2025\/06\/ITVUx-I-300x200.jpeg 300w\" sizes=\"auto, (max-width: 640px) 100vw, 640px\" \/> <img loading=\"lazy\" decoding=\"async\" class=\"aligncenter size-full wp-image-164256\" src=\"https:\/\/www.buroperiodistico.com.mx\/wp-content\/uploads\/2025\/06\/ITVUx-II.jpeg\" alt=\"\" width=\"640\" height=\"426\" srcset=\"https:\/\/www.buroperiodistico.com.mx\/wp-content\/uploads\/2025\/06\/ITVUx-II.jpeg 640w, https:\/\/www.buroperiodistico.com.mx\/wp-content\/uploads\/2025\/06\/ITVUx-II-300x200.jpeg 300w\" sizes=\"auto, (max-width: 640px) 100vw, 640px\" \/><\/p>\n","protected":false},"excerpt":{"rendered":"<p>Firman un convenio que permitir\u00e1 simplificar tr\u00e1mites y mejorar la gesti\u00f3n en materia de vivienda&#8230;<\/p>\n","protected":false},"author":1,"featured_media":164257,"comment_status":"closed","ping_status":"closed","sticky":false,"template":"","format":"standard","meta":{"footnotes":"","jetpack_publicize_message":"","jetpack_publicize_feature_enabled":true,"jetpack_social_post_already_shared":true,"jetpack_social_options":{"image_generator_settings":{"template":"highway","default_image_id":0,"font":"","enabled":false},"version":2}},"categories":[10],"tags":[],"class_list":["post-164254","post","type-post","status-publish","format-standard","has-post-thumbnail","hentry","category-tamaulipas"],"jetpack_publicize_connections":[],"_links":{"self":[{"href":"https:\/\/www.buroperiodistico.com.mx\/index.php?rest_route=\/wp\/v2\/posts\/164254","targetHints":{"allow":["GET"]}}],"collection":[{"href":"https:\/\/www.buroperiodistico.com.mx\/index.php?rest_route=\/wp\/v2\/posts"}],"about":[{"href":"https:\/\/www.buroperiodistico.com.mx\/index.php?rest_route=\/wp\/v2\/types\/post"}],"author":[{"embeddable":true,"href":"https:\/\/www.buroperiodistico.com.mx\/index.php?rest_route=\/wp\/v2\/users\/1"}],"replies":[{"embeddable":true,"href":"https:\/\/www.buroperiodistico.com.mx\/index.php?rest_route=%2Fwp%2Fv2%2Fcomments&post=164254"}],"version-history":[{"count":0,"href":"https:\/\/www.buroperiodistico.com.mx\/index.php?rest_route=\/wp\/v2\/posts\/164254\/revisions"}],"wp:featuredmedia":[{"embeddable":true,"href":"https:\/\/www.buroperiodistico.com.mx\/index.php?rest_route=\/wp\/v2\/media\/164257"}],"wp:attachment":[{"href":"https:\/\/www.buroperiodistico.com.mx\/index.php?rest_route=%2Fwp%2Fv2%2Fmedia&parent=164254"}],"wp:term":[{"taxonomy":"category","embeddable":true,"href":"https:\/\/www.buroperiodistico.com.mx\/index.php?rest_route=%2Fwp%2Fv2%2Fcategories&post=164254"},{"taxonomy":"post_tag","embeddable":true,"href":"https:\/\/www.buroperiodistico.com.mx\/index.php?rest_route=%2Fwp%2Fv2%2Ftags&post=164254"}],"curies":[{"name":"wp","href":"https:\/\/api.w.org\/{rel}","templated":true}]}}