{"id":164247,"date":"2025-06-13T21:00:02","date_gmt":"2025-06-14T02:00:02","guid":{"rendered":"https:\/\/www.buroperiodistico.com.mx\/?p=164247"},"modified":"2025-06-13T21:00:02","modified_gmt":"2025-06-14T02:00:02","slug":"fomenta-seduma-corresponsabilidad-en-el-crecimiento-urbano-de-zona-conurbada","status":"publish","type":"post","link":"https:\/\/www.buroperiodistico.com.mx\/?p=164247","title":{"rendered":"Fomenta SEDUMA corresponsabilidad en el crecimiento urbano de zona conurbada"},"content":{"rendered":"<ul>\n<li><strong><em>A trav\u00e9s de un curso-taller, la dependencia estatal ofreci\u00f3 capacitacion sobre el marco normativo, a todos los sectores involucrados en el desarrollo de obra p\u00fablica y privada<\/em><\/strong><\/li>\n<\/ul>\n<p><strong><img loading=\"lazy\" decoding=\"async\" class=\"wp-image-164252 alignright\" src=\"https:\/\/www.buroperiodistico.com.mx\/wp-content\/uploads\/2025\/06\/Sedumax.jpeg\" alt=\"\" width=\"472\" height=\"286\" srcset=\"https:\/\/www.buroperiodistico.com.mx\/wp-content\/uploads\/2025\/06\/Sedumax.jpeg 1024w, https:\/\/www.buroperiodistico.com.mx\/wp-content\/uploads\/2025\/06\/Sedumax-300x182.jpeg 300w, https:\/\/www.buroperiodistico.com.mx\/wp-content\/uploads\/2025\/06\/Sedumax-768x466.jpeg 768w\" sizes=\"auto, (max-width: 472px) 100vw, 472px\" \/>Tampico, Tamaulipas (13-Junio-2025).-<\/strong> Con la firme convicci\u00f3n de que el crecimiento de las ciudades debe ir de la mano con la planeaci\u00f3n, la sustentabilidad y la calidad de vida de las personas, la Secretar\u00eda de Desarrollo Urbano y Medio Ambiente (SEDUMA) llev\u00f3 a cabo un curso-taller dirigido a desarrolladores de vivienda, constructores, colegios de arquitectos e ingenieros civiles, notarios, instituciones acad\u00e9micas y autoridades municipales de Tampico, Ciudad Madero y Altamira.<\/p>\n<p>La titular de la SEDUMA, Karina Lizeth Sald\u00edvar Lartigue, destac\u00f3 que este ejercicio formativo representa un paso decisivo para fortalecer el marco normativo que rige la obra p\u00fablica y privada en la zona conurbada, \u201ccreemos en una nueva forma de construir ciudad. Una que no se decide desde un escritorio, sino que se dialoga entre todos, autoridades, desarrolladores, notarios, especialistas y ciudadan\u00eda\u201d.<\/p>\n<p>Explic\u00f3 que durante decadas, el crecimiento urbano avanz\u00f3 sin una visi\u00f3n clara del futuro. Las ciudades se expandieron sin equilibrio ni cuidado ambiental, dejando una deuda con las nuevas generaciones. Ante este reto, la SEDUMA impulsa un modelo que prioriza el bienestar com\u00fan, el entorno natural y la participaci\u00f3n social.<\/p>\n<p>\u201cDesde la Secretar\u00eda hemos asumido esta tarea con convicci\u00f3n. Planear bien es proteger la tierra que habitamos y asegurarles un mejor ma\u00f1ana a nuestras hijas e hijos\u201d, a\u00f1adi\u00f3 Sald\u00edvar Lartigue, al subrayar que con el trabajo en conjunto, se busca garantizar que cada acci\u00f3n constructiva tenga prop\u00f3sito, l\u00f3gica y armon\u00eda con el entorno.<\/p>\n<p>El curso abord\u00f3 la aplicaci\u00f3n de normas clave como los planes de ordenamiento, el C\u00f3digo de Desarrollo Sustentable, la Ley de Asentamientos Humanos, reglamentos de construcci\u00f3n y procesos como fraccionamientos, subdivisiones y dict\u00e1menes de impacto ambiental. M\u00e1s que una capacitaci\u00f3n, se trat\u00f3 de un espacio de corresponsabilidad y construcci\u00f3n conjunta entre sociedad y gobierno.<\/p>\n<p>Durante el evento, la alcaldesa de Tampico, M\u00f3nica Zacil Villarreal Anaya, respald\u00f3 esta iniciativa al se\u00f1alar que \u201cestamos abiertos a esta din\u00e1mica de aprendizaje y profesionalizaci\u00f3n, para mantener criterios comunes entre quienes participan en el desarrollo urbano de nuestra regi\u00f3n\u201d.<\/p>\n<p>Por su parte, el alcalde de Ciudad Madero, Erasmo Gonz\u00e1lez Robledo, coincidi\u00f3 en la importancia de homologar criterios que brinden certeza jur\u00eddica y t\u00e9cnica tanto a constructores como a la ciudadan\u00eda, \u201choy estamos haciendo un gran esfuerzo para coincidir en requisitos claros que permitan un crecimiento ordenado y con impacto social positivo\u201d, afirm\u00f3.<\/p>\n<p>El encuentro cont\u00f3 con la participaci\u00f3n a directora general del Instituto Metropolitano de Planeaci\u00f3n del Sur de Tamaulipas, Mar\u00eda Silvia Montalvo Tello; adem\u00e1s en representaci\u00f3n del alcalde de Altamira, Armando Martinez Manriquez, asisiti\u00f3 el secretario de Obras P\u00fablicas, Desarrollo Urbano, Ecolog\u00eda y Medio Ambiente, Tom\u00e1s Medrano Mayorga.<\/p>\n<p>Tambi\u00e9n se cont\u00f3 con la presencia de la directora General de Desarrollo Urbano, Medio Ambiente, Ecolog\u00eda y Vivienda de Ciudad Madero, Natalia Jasso Vega y el secretario de Obras P\u00fablicas, Desarrollo Urbano y Ecolog\u00eda de Tampico, Jos\u00e9 Rogelio Ontiveros Arredondo, con lo que se reafirma el trabajo coordinado que impulsa el gobernador Am\u00e9rico Villarreal Anaya para que el desarrollo urbano en Tamaulipas sea ordenado, sostenible y humano.<\/p>\n<p><img loading=\"lazy\" decoding=\"async\" class=\"aligncenter size-full wp-image-164248\" src=\"https:\/\/www.buroperiodistico.com.mx\/wp-content\/uploads\/2025\/06\/Sedumax-I.jpeg\" alt=\"\" width=\"640\" height=\"443\" srcset=\"https:\/\/www.buroperiodistico.com.mx\/wp-content\/uploads\/2025\/06\/Sedumax-I.jpeg 640w, https:\/\/www.buroperiodistico.com.mx\/wp-content\/uploads\/2025\/06\/Sedumax-I-300x208.jpeg 300w\" sizes=\"auto, (max-width: 640px) 100vw, 640px\" \/> <img loading=\"lazy\" decoding=\"async\" class=\"aligncenter size-full wp-image-164251\" src=\"https:\/\/www.buroperiodistico.com.mx\/wp-content\/uploads\/2025\/06\/Sedumax-IIII.jpeg\" alt=\"\" width=\"640\" height=\"386\" srcset=\"https:\/\/www.buroperiodistico.com.mx\/wp-content\/uploads\/2025\/06\/Sedumax-IIII.jpeg 640w, https:\/\/www.buroperiodistico.com.mx\/wp-content\/uploads\/2025\/06\/Sedumax-IIII-300x181.jpeg 300w\" sizes=\"auto, (max-width: 640px) 100vw, 640px\" \/> <img loading=\"lazy\" decoding=\"async\" class=\"aligncenter size-full wp-image-164250\" src=\"https:\/\/www.buroperiodistico.com.mx\/wp-content\/uploads\/2025\/06\/Sedumax-III.jpeg\" alt=\"\" width=\"640\" height=\"426\" srcset=\"https:\/\/www.buroperiodistico.com.mx\/wp-content\/uploads\/2025\/06\/Sedumax-III.jpeg 640w, https:\/\/www.buroperiodistico.com.mx\/wp-content\/uploads\/2025\/06\/Sedumax-III-300x200.jpeg 300w\" sizes=\"auto, (max-width: 640px) 100vw, 640px\" \/> <img loading=\"lazy\" decoding=\"async\" class=\"aligncenter size-full wp-image-164249\" src=\"https:\/\/www.buroperiodistico.com.mx\/wp-content\/uploads\/2025\/06\/Sedumax-II.jpeg\" alt=\"\" width=\"640\" height=\"426\" srcset=\"https:\/\/www.buroperiodistico.com.mx\/wp-content\/uploads\/2025\/06\/Sedumax-II.jpeg 640w, https:\/\/www.buroperiodistico.com.mx\/wp-content\/uploads\/2025\/06\/Sedumax-II-300x200.jpeg 300w\" sizes=\"auto, (max-width: 640px) 100vw, 640px\" \/><\/p>\n","protected":false},"excerpt":{"rendered":"<p>A trav\u00e9s de un curso-taller, la dependencia estatal ofreci\u00f3 capacitacion sobre el marco normativo, a&#8230;<\/p>\n","protected":false},"author":1,"featured_media":164252,"comment_status":"closed","ping_status":"closed","sticky":false,"template":"","format":"standard","meta":{"footnotes":"","jetpack_publicize_message":"","jetpack_publicize_feature_enabled":true,"jetpack_social_post_already_shared":true,"jetpack_social_options":{"image_generator_settings":{"template":"highway","default_image_id":0,"font":"","enabled":false},"version":2}},"categories":[10],"tags":[],"class_list":["post-164247","post","type-post","status-publish","format-standard","has-post-thumbnail","hentry","category-tamaulipas"],"jetpack_publicize_connections":[],"_links":{"self":[{"href":"https:\/\/www.buroperiodistico.com.mx\/index.php?rest_route=\/wp\/v2\/posts\/164247","targetHints":{"allow":["GET"]}}],"collection":[{"href":"https:\/\/www.buroperiodistico.com.mx\/index.php?rest_route=\/wp\/v2\/posts"}],"about":[{"href":"https:\/\/www.buroperiodistico.com.mx\/index.php?rest_route=\/wp\/v2\/types\/post"}],"author":[{"embeddable":true,"href":"https:\/\/www.buroperiodistico.com.mx\/index.php?rest_route=\/wp\/v2\/users\/1"}],"replies":[{"embeddable":true,"href":"https:\/\/www.buroperiodistico.com.mx\/index.php?rest_route=%2Fwp%2Fv2%2Fcomments&post=164247"}],"version-history":[{"count":0,"href":"https:\/\/www.buroperiodistico.com.mx\/index.php?rest_route=\/wp\/v2\/posts\/164247\/revisions"}],"wp:featuredmedia":[{"embeddable":true,"href":"https:\/\/www.buroperiodistico.com.mx\/index.php?rest_route=\/wp\/v2\/media\/164252"}],"wp:attachment":[{"href":"https:\/\/www.buroperiodistico.com.mx\/index.php?rest_route=%2Fwp%2Fv2%2Fmedia&parent=164247"}],"wp:term":[{"taxonomy":"category","embeddable":true,"href":"https:\/\/www.buroperiodistico.com.mx\/index.php?rest_route=%2Fwp%2Fv2%2Fcategories&post=164247"},{"taxonomy":"post_tag","embeddable":true,"href":"https:\/\/www.buroperiodistico.com.mx\/index.php?rest_route=%2Fwp%2Fv2%2Ftags&post=164247"}],"curies":[{"name":"wp","href":"https:\/\/api.w.org\/{rel}","templated":true}]}}