{"id":164244,"date":"2025-06-13T20:51:31","date_gmt":"2025-06-14T01:51:31","guid":{"rendered":"https:\/\/www.buroperiodistico.com.mx\/?p=164244"},"modified":"2025-06-13T20:51:31","modified_gmt":"2025-06-14T01:51:31","slug":"aqui-rio-bravo-por-daniel-enrique-romero-aleman-3","status":"publish","type":"post","link":"https:\/\/www.buroperiodistico.com.mx\/?p=164244","title":{"rendered":"AQU\u00cd R\u00cdO BRAVO\/ Por Daniel Enrique ROMERO ALEM\u00c1N"},"content":{"rendered":"<ul>\n<li><strong><em>QUE LOS AMARRE Y LES PONGA UN BOZAL<\/em><\/strong><\/li>\n<li><strong><em>VAYA CONFLICTO EN MEDIO ORIENTE<\/em><\/strong><\/li>\n<li><strong><em>NUEVAMENTE JUNTOS: AM\u00c9RICO Y CARLOS V\u00cdCTOR<\/em><\/strong><\/li>\n<\/ul>\n<p><em><strong>(13-Junio-2025).-<\/strong><\/em> *Dice pomposamente la invitaci\u00f3n que se ha girado para acudir a la asamblea informativa que va impartir el pr\u00f3ximo domingo en Suelo Riobravense el senador GERARDO \u201cEl Llor\u00f3n\u201d FERN\u00c1NDEZ NORO\u00d1A: \u201cEl pueblo eligi\u00f3 al poder judicial\u201d.<\/p>\n<p>Creo que est\u00e1n equivocados y muchas personas estar\u00e1n de acuerdo con un servidor: \u201cLa Cuatrot\u00e9\u201d fue quien eligi\u00f3 al Poder Judicial, y el pueblo solamente fue inducido.<\/p>\n<p>Y fue poco pueblo, pues no voto ni el 15 por ciento, lo que quiere decir que fue un total fracaso esa elecci\u00f3n, y qued\u00f3 demostrado que la presidenta CLAUDIA SHEINBUM PARDO, no tiene operadores pol\u00edticos de peso, solo farsante que le hacen la barba a diario.<\/p>\n<p>Veremos el pr\u00f3ximo domingo si Gerardo tiene poder de convocatoria, o si su charla ser\u00e1 un fracaso como lo fue la elecci\u00f3n para elegir al Poder Judicial.<\/p>\n<p>No cuenten conmigo, y adem\u00e1s es \u201cD\u00eda del Padre\u201d, y prefiero pasarla con mis hijos, con mi familia, que escuchar las majader\u00edas de este dizque representante del pueblo.<\/p>\n<p>Por cierto, la presidenta Sheinbaum debe de ponerle una correa a sus correligionarios o ponerles un bozal porque se comportan como unos patanes.<\/p>\n<p>Ah\u00ed esta el caso de la morenista de Jalisco MELISSA CORNEJO, que escribi\u00f3 en X, que la visa se la metan por el cul\u2026<\/p>\n<p>Y esta pobre mujer ni visa tiene, y ya sabr\u00e1n ustedes por qu\u00e9.<\/p>\n<p>El subsecretario de Estado de los Estados Unidos CHRISTOPHER LANDAU, el contest\u00f3 a esta vulgar mujer: \u201cYo ah\u00ed no puedo meter tu visa, pero s\u00ed te puedo informar que personalmente di orden de cancelarla despu\u00e9s de ver este vulgar posteo.<\/p>\n<p>Que mal le hacen a la presidenta Sheinbaum con estas barbaridades, que, en lugar de ayudar, provocan.<\/p>\n<p>*MIRE Usted: En una escalada de tensiones en Medio Oriente, Israel lanz\u00f3 ayer un ataque contra Ir\u00e1n, justificando la acci\u00f3n como una medida \u201cpreventiva\u201d para contrarrestar una amenaza inminente.<\/p>\n<p>El primer ministro israel\u00ed BENJAMIN NATANYAHU, declar\u00f3 que la ofensiva busca proteger la supervivencia de su pa\u00eds ante el avance del programa nuclear iran\u00ed.<\/p>\n<p>La operaci\u00f3n, denominada \u201cLe\u00f3n Creciente\u201d, tuvo como objetivo instalaciones militares y nucleares en Teher\u00e1n, causando explosiones en la capital.<\/p>\n<p>Mientras Israel advierte que continuar\u00e1 con los ataques tantos d\u00edas como sea necesario, Ir\u00e1n ha prometido una respuesta severa, lo que podr\u00eda desencadenar una confrontaci\u00f3n directa en la regi\u00f3n, un conflicto m\u00e1s en el planeta, que cada vez se acerca con peligrosidad a una tercera guerra mundial.<\/p>\n<p>Vaya conflicto, veremos sino salen con sus tontas declaraciones los de \u201cLa Cuatrot\u00e9\u201d, que les da por meterse en lo que no les importa.<\/p>\n<p>*ESTE viernes estuvo en Suelo Reynosense el gobernador AM\u00c9RICO VILLARREAL ANAYA, que acompa\u00f1ado por el general JUAN JOS\u00c9 G\u00d3MEZ RUIZ comandante de la Cuarta Regi\u00f3n, y el alcalde CARLOS VICTOR PE\u00d1A ORTIZ; inaugurar la exposici\u00f3n militar \u201cLa Gran Fuerza de M\u00e9xico\u201d, la cual a partir de ya est\u00e1 abierta al p\u00fablico.<\/p>\n<p>No quiso desaprovechar la ocasi\u00f3n el doctor gobernador para hacer un reconocimiento a la relaci\u00f3n colaborativa y solidaria que el Gobierno del Estado ha recibido de las Fuerzas Armadas, \u201cque son una fortaleza en la que siempre nos hemos apoyado, por sus valores y lealtad\u201d, destacando que el Ej\u00e9rcito Mexicano tiene un papel de mayor relevancia en los gobiernos de la Cuarta Transformaci\u00f3n, porque brinda seguridad, infraestructura, gesti\u00f3n social, administraci\u00f3n de bienes nacionales, cuidado de instalaciones estrat\u00e9gicas en energ\u00eda, en puertos e inteligencia.<\/p>\n<p>Dijo en parte de su mensaje: \u201cLa labor social de las Fuerzas Armadas se realiza con la misma disciplina, eficacia, vocaci\u00f3n de servicio y amor a nuestra patria, con la que nos brindan seguridad y defienden nuestra soberan\u00eda\u201d.<\/p>\n<p>Y agreg\u00f3: \u201cEl humanismo de nuestras Fuerzas Armadas se ha elevado como nunca y se expresa en la vocaci\u00f3n de servir al pueblo y acercarse, y por eso es, sin la menor duda, una de las instituciones m\u00e1s apreciadas y mejor valoradas entre las y los mexicanos, y entre los Tamaulipecos(as)\u00bb.<\/p>\n<p>*UNA MUY BUENA noticia acaba de anunciar el presidente municipal de Suelo Riobravense MIGUEL \u00c1NGEL ALMARAZ MALDONADO, se trata de la pavimentaci\u00f3n con concreto hidr\u00e1ulico de la brecha 115.<\/p>\n<p>Y con todas las adecuaciones para que no se presenten inundaciones de esta arteria vehicular tan transitada.<\/p>\n<p>MAAM, volvi\u00f3 a recalcar que todo esto se realiza gracias al pago oportuno y cumplido de los impuestos.<\/p>\n<p>*CONFLICTOS en el Medio Oriente, la guerra entre Rusia y Ucrania, los chingadazos en la Ciudad de Los \u00c1ngeles.<\/p>\n<p>No andan muy lejos los trancazos, bueno en M\u00e9xico la guerra hace mucho que inici\u00f3, pero se puso m\u00e1s cabrona desde que lleg\u00f3 ANDR\u00c9S MANUEL L\u00d3PEZ OBRADOR, pero parece ser que en Palacio Nacional nom\u00e1s no se dan cuenta.<\/p>\n<p>*UNA NUEVA distinci\u00f3n recibi\u00f3 la Universidad Aut\u00f3noma de Tamaulipas ya que fueron reconocidos con el premio \u201cCeneval\u201d, 17 m\u00e9dicos egresados de la Facultad de Medicina de Suelo Matamorense, al Desempe\u00f1o de Excelencia en el Examen General para el Egreso de Licenciatura, en una ceremonia realizada en la Universidad An\u00e1huac, Campus Quer\u00e9taro.<\/p>\n<p>Con ello la UAT, reafirma su compromiso institucional con la formaci\u00f3n de profesionales de la salud altamente capacitados, preparados para contribuir al bienestar y desarrollo de la sociedad, consolid\u00e1ndose como una de las principales casas de estudios en la formaci\u00f3n m\u00e9dica en M\u00e9xico.<\/p>\n<p>El rector D\u00c1MASO ANAYA ALVARADO, expres\u00f3 una felicitaci\u00f3n a los egresados(as) que fueron distinguidos con el Premio \u201cCeneval\u201d, destacando que este importante logro acad\u00e9mico es reflejo del esfuerzo, la dedicaci\u00f3n y el compromiso con la excelencia que caracteriza a la comunidad universitaria. Asimismo, subray\u00f3 que estos resultados fortalecen el prestigio institucional de la UAT y reafirman su compromiso con la mejora continua en la educaci\u00f3n superior.<\/p>\n<p>La distinci\u00f3n refrenda el compromiso permanente con la calidad acad\u00e9mica y la formaci\u00f3n integral de profesionales de la salud, preparados para ejercer con \u00e9tica, responsabilidad y un alto nivel de competencia en beneficio de la sociedad.<\/p>\n<p>*Y ESTE DOMINGO todos los caminos conducen a Suelo Neolaredense ya que dentro del marco del 177 aniversario de su fundaci\u00f3n se tendr\u00e1 un concierto de primero, y la presidenta municipal de Suelo Neolaredense CARMEN LILIA CANTUROSAS VILLARREAL, con bastante anticipaci\u00f3n dijo que todo mundo est\u00e1 invitado.<\/p>\n<p>Por supuesto que Carmen Lilia, estar\u00e1 presente para volver a estar nuevamente cerca de su pueblo.<\/p>\n<p>Es un concierto de primera porque estar\u00e1n agrupaciones musicales de primera como el famoso \u201cEl Tri\u201d de ALEX LORA, y el \u201cGran Silencio\u201d.<\/p>\n<p>Pero habr\u00e1 otro tipo de m\u00fasica para que todo mundo se ponga a cantar y bailar con \u201cLa Trakalosa\u201d y \u201cLa Leyenda\u201d.<\/p>\n<p>Y lo m\u00e1s importante, todo es completamente gratis.<\/p>\n<p>*PORQUE a\u00fan hay tiempo no se le pase felicitar este viernes con motivo de sus cumplea\u00f1os a ANTONIO ARRATIA y ALBERTO BETANCOURTH.<\/p>\n<p>Y EL S\u00c1BADO tendr\u00e1n pastel y regalos CLAUDETTE CANTUROSAS VILLARREAL, C\u00c9SAR VER\u00c1STEGUI OSTOS y el buen amigo de Suelo Riobravense ROBERTO YOLOTL FLORES PE\u00d1A.<\/p>\n<p>Un monumental abrazo y que vengan muchos m\u00e1s.<\/p>\n<p>Volveremos, HM\u2026D\u2026M\u2026<br \/>\nCorreo electr\u00f3nico: barre283@hotmail.com<\/p>\n","protected":false},"excerpt":{"rendered":"<p>QUE LOS AMARRE Y LES PONGA UN BOZAL VAYA CONFLICTO EN MEDIO ORIENTE NUEVAMENTE JUNTOS:&#8230;<\/p>\n","protected":false},"author":1,"featured_media":163744,"comment_status":"closed","ping_status":"closed","sticky":false,"template":"","format":"standard","meta":{"footnotes":"","jetpack_publicize_message":"","jetpack_publicize_feature_enabled":true,"jetpack_social_post_already_shared":true,"jetpack_social_options":{"image_generator_settings":{"template":"highway","default_image_id":0,"font":"","enabled":false},"version":2}},"categories":[23],"tags":[],"class_list":["post-164244","post","type-post","status-publish","format-standard","has-post-thumbnail","hentry","category-columnas"],"jetpack_publicize_connections":[],"_links":{"self":[{"href":"https:\/\/www.buroperiodistico.com.mx\/index.php?rest_route=\/wp\/v2\/posts\/164244","targetHints":{"allow":["GET"]}}],"collection":[{"href":"https:\/\/www.buroperiodistico.com.mx\/index.php?rest_route=\/wp\/v2\/posts"}],"about":[{"href":"https:\/\/www.buroperiodistico.com.mx\/index.php?rest_route=\/wp\/v2\/types\/post"}],"author":[{"embeddable":true,"href":"https:\/\/www.buroperiodistico.com.mx\/index.php?rest_route=\/wp\/v2\/users\/1"}],"replies":[{"embeddable":true,"href":"https:\/\/www.buroperiodistico.com.mx\/index.php?rest_route=%2Fwp%2Fv2%2Fcomments&post=164244"}],"version-history":[{"count":0,"href":"https:\/\/www.buroperiodistico.com.mx\/index.php?rest_route=\/wp\/v2\/posts\/164244\/revisions"}],"wp:featuredmedia":[{"embeddable":true,"href":"https:\/\/www.buroperiodistico.com.mx\/index.php?rest_route=\/wp\/v2\/media\/163744"}],"wp:attachment":[{"href":"https:\/\/www.buroperiodistico.com.mx\/index.php?rest_route=%2Fwp%2Fv2%2Fmedia&parent=164244"}],"wp:term":[{"taxonomy":"category","embeddable":true,"href":"https:\/\/www.buroperiodistico.com.mx\/index.php?rest_route=%2Fwp%2Fv2%2Fcategories&post=164244"},{"taxonomy":"post_tag","embeddable":true,"href":"https:\/\/www.buroperiodistico.com.mx\/index.php?rest_route=%2Fwp%2Fv2%2Ftags&post=164244"}],"curies":[{"name":"wp","href":"https:\/\/api.w.org\/{rel}","templated":true}]}}