{"id":164053,"date":"2025-06-12T18:11:32","date_gmt":"2025-06-12T23:11:32","guid":{"rendered":"https:\/\/www.buroperiodistico.com.mx\/?p=164053"},"modified":"2025-06-12T18:11:32","modified_gmt":"2025-06-12T23:11:32","slug":"le-apuesta-tamaulipas-a-la-tecnologia-se-capacitara-a-docentes-en-semiconductores","status":"publish","type":"post","link":"https:\/\/www.buroperiodistico.com.mx\/?p=164053","title":{"rendered":"Le apuesta Tamaulipas a la tecnolog\u00eda: se capacitar\u00e1 a docentes en semiconductores"},"content":{"rendered":"<p><em><strong><img loading=\"lazy\" decoding=\"async\" class=\" wp-image-164054 alignright\" src=\"https:\/\/www.buroperiodistico.com.mx\/wp-content\/uploads\/2025\/06\/SETsemiconductores.jpeg\" alt=\"\" width=\"456\" height=\"307\" srcset=\"https:\/\/www.buroperiodistico.com.mx\/wp-content\/uploads\/2025\/06\/SETsemiconductores.jpeg 1024w, https:\/\/www.buroperiodistico.com.mx\/wp-content\/uploads\/2025\/06\/SETsemiconductores-300x202.jpeg 300w, https:\/\/www.buroperiodistico.com.mx\/wp-content\/uploads\/2025\/06\/SETsemiconductores-768x517.jpeg 768w\" sizes=\"auto, (max-width: 456px) 100vw, 456px\" \/>Ciudad Victoria, Tamaulipas (12-Junio-2025).-<\/strong><\/em> Con el compromiso de estimular la formaci\u00f3n cient\u00edfica y tecnol\u00f3gica en las y los estudiantes de bachillerato y universidad, la Secretar\u00eda de Educaci\u00f3n de Tamaulipas (SET), impulsar\u00e1 la capacitaci\u00f3n y actualizaci\u00f3n de docentes de estos niveles en el tema de semiconductores.<\/p>\n<p>\u201cVamos a firmar en los pr\u00f3ximos d\u00edas un convenio entre la Secretar\u00eda de Educaci\u00f3n y Banco Santander para capacitar a cerca de 70 maestros en todo este tema de semiconductores\u201d, se\u00f1al\u00f3 Miguel \u00c1ngel Valdez Garc\u00eda, secretario de Educaci\u00f3n de Tamaulipas.<\/p>\n<p>Subray\u00f3 que, por indicaciones del gobernador Am\u00e9rico Villarreal Anaya, las Secretar\u00edas de Educaci\u00f3n y Econom\u00eda, junto con los Organismos P\u00fablicos Descentralizados (OPD) del sector educativo, est\u00e1n colaborando para impulsar el desarrollo del capital humano en las \u00e1reas de semiconductores e inteligencia artificial, de ah\u00ed la importancia de formar especialistas desde los bachilleratos y las universidades.<\/p>\n<p>\u201cUstedes saben que las fuentes de trabajo vienen cada vez m\u00e1s por el \u00e1rea de la ciencia y la tecnolog\u00eda. La verdad es que lo que se est\u00e1 demandando de aqu\u00ed a los pr\u00f3ximos 30 a\u00f1os es mucha producci\u00f3n de conocimiento de alta tecnolog\u00eda\u201d, a\u00f1adi\u00f3.<\/p>\n<p>Record\u00f3 que a nivel nacional, est\u00e1 en marcha un proyecto para que en todas las entidades fronterizas con Estados Unidos, se formen ingenieras e ingenieros especializados en estos \u00e1mbitos tecnol\u00f3gicos.<\/p>\n<p>\u201cNos han solicitado, tanto el gobierno de Estados Unidos como el de la comunidad europea, que en M\u00e9xico se fortalezca la preparaci\u00f3n de ingenieros, por la gran capacidad que hay en nuestro pa\u00eds. Tamaulipas, en particular, cuenta con un buen n\u00famero de egresados en ingenier\u00eda para incorporarse al tema de los semiconductores\u201d, puntualiz\u00f3.<\/p>\n<p>Reiter\u00f3 que con actividades como el Festival de Ciencias e Ingenier\u00edas Tamaulipas 2025 (FECIT), se busca despertar la vocaci\u00f3n cient\u00edfica de las y los j\u00f3venes desde edades tempranas, es decir, al cursar su educaci\u00f3n media superior y posteriormente en la universidad.<\/p>\n<p>\u201cDesde luego que vamos a apoyar a todos los que se acerquen con un proyecto interesante. Estaba platicando con la subsecretaria de Econom\u00eda e Innovaci\u00f3n que existen fondos de capital semilla para que las becas no solo se destinen al estudio, sino tambi\u00e9n para desarrollar los proyectos. Es decir, que tengan el respaldo para aterrizarlos\u201d, enfatiz\u00f3.<\/p>\n<p>Valdez Garc\u00eda reiter\u00f3 el compromiso del Gobierno del Estado y del sector con una educaci\u00f3n enfocada en la ciencia y la tecnolog\u00eda, por lo que pidi\u00f3 a directores de escuelas de nivel medio superior y a rectores de universidades que impulsen a sus estudiantes en estos \u00e1mbitos estrat\u00e9gicos para el desarrollo de Tamaulipas.<\/p>\n","protected":false},"excerpt":{"rendered":"<p>Ciudad Victoria, Tamaulipas (12-Junio-2025).- Con el compromiso de estimular la formaci\u00f3n cient\u00edfica y tecnol\u00f3gica en&#8230;<\/p>\n","protected":false},"author":1,"featured_media":164054,"comment_status":"closed","ping_status":"closed","sticky":false,"template":"","format":"standard","meta":{"footnotes":"","jetpack_publicize_message":"","jetpack_publicize_feature_enabled":true,"jetpack_social_post_already_shared":true,"jetpack_social_options":{"image_generator_settings":{"template":"highway","default_image_id":0,"font":"","enabled":false},"version":2}},"categories":[10],"tags":[],"class_list":["post-164053","post","type-post","status-publish","format-standard","has-post-thumbnail","hentry","category-tamaulipas"],"jetpack_publicize_connections":[],"_links":{"self":[{"href":"https:\/\/www.buroperiodistico.com.mx\/index.php?rest_route=\/wp\/v2\/posts\/164053","targetHints":{"allow":["GET"]}}],"collection":[{"href":"https:\/\/www.buroperiodistico.com.mx\/index.php?rest_route=\/wp\/v2\/posts"}],"about":[{"href":"https:\/\/www.buroperiodistico.com.mx\/index.php?rest_route=\/wp\/v2\/types\/post"}],"author":[{"embeddable":true,"href":"https:\/\/www.buroperiodistico.com.mx\/index.php?rest_route=\/wp\/v2\/users\/1"}],"replies":[{"embeddable":true,"href":"https:\/\/www.buroperiodistico.com.mx\/index.php?rest_route=%2Fwp%2Fv2%2Fcomments&post=164053"}],"version-history":[{"count":0,"href":"https:\/\/www.buroperiodistico.com.mx\/index.php?rest_route=\/wp\/v2\/posts\/164053\/revisions"}],"wp:featuredmedia":[{"embeddable":true,"href":"https:\/\/www.buroperiodistico.com.mx\/index.php?rest_route=\/wp\/v2\/media\/164054"}],"wp:attachment":[{"href":"https:\/\/www.buroperiodistico.com.mx\/index.php?rest_route=%2Fwp%2Fv2%2Fmedia&parent=164053"}],"wp:term":[{"taxonomy":"category","embeddable":true,"href":"https:\/\/www.buroperiodistico.com.mx\/index.php?rest_route=%2Fwp%2Fv2%2Fcategories&post=164053"},{"taxonomy":"post_tag","embeddable":true,"href":"https:\/\/www.buroperiodistico.com.mx\/index.php?rest_route=%2Fwp%2Fv2%2Ftags&post=164053"}],"curies":[{"name":"wp","href":"https:\/\/api.w.org\/{rel}","templated":true}]}}