{"id":164046,"date":"2025-06-12T18:04:20","date_gmt":"2025-06-12T23:04:20","guid":{"rendered":"https:\/\/www.buroperiodistico.com.mx\/?p=164046"},"modified":"2025-06-12T18:04:20","modified_gmt":"2025-06-12T23:04:20","slug":"dif-tamaulipas-presenta-ciclo-de-conferencias-sobre-el-derecho-de-adultos-mayores-a-una-vida-libre-de-violencia","status":"publish","type":"post","link":"https:\/\/www.buroperiodistico.com.mx\/?p=164046","title":{"rendered":"DIF Tamaulipas presenta ciclo de conferencias sobre el derecho de adultos mayores a una vida libre de violencia"},"content":{"rendered":"<p><em><strong><img loading=\"lazy\" decoding=\"async\" class=\" wp-image-164051 alignright\" src=\"https:\/\/www.buroperiodistico.com.mx\/wp-content\/uploads\/2025\/06\/DIFviolencia.jpeg\" alt=\"\" width=\"499\" height=\"313\" srcset=\"https:\/\/www.buroperiodistico.com.mx\/wp-content\/uploads\/2025\/06\/DIFviolencia.jpeg 1024w, https:\/\/www.buroperiodistico.com.mx\/wp-content\/uploads\/2025\/06\/DIFviolencia-300x188.jpeg 300w, https:\/\/www.buroperiodistico.com.mx\/wp-content\/uploads\/2025\/06\/DIFviolencia-768x482.jpeg 768w\" sizes=\"auto, (max-width: 499px) 100vw, 499px\" \/>Ciudad Victoria, Tamaulipas (12-Junio-2025).-<\/strong><\/em> En el marco del D\u00eda Mundial de Toma de Conciencia del Abuso y Maltrato en la Vejez, el Sistema para el Desarrollo Integral de la Familia de Tamaulipas, presidido por la doctora Mar\u00eda de Villarreal, llev\u00f3 a cabo un ciclo de conferencias titulado \u201cEl derecho de los adultos mayores a una vida libre de violencia\u201d.<\/p>\n<p>Esta fecha, conmemorada a nivel mundial cada 15 de junio desde 2011 por la Asamblea General de las Naciones Unidas, busca generar conciencia sobre las problem\u00e1ticas que enfrenta la poblaci\u00f3n adulta mayor en materia de violencia y maltrato.<\/p>\n<p>\u201cEn el DIF Tamaulipas, en lo que va del a\u00f1o hemos atendido a m\u00e1s de 700 personas a trav\u00e9s de la Procuradur\u00eda de la Defensa del Adulto Mayor, reconociendo la importancia de sensibilizar y concientizar sobre el compromiso que todos tenemos de cuidar, respetar y garantizar el trato digno a las personas adultas mayores\u201d, inform\u00f3 Patricia Eugenia Lara Ayala, directora general del DIF Estatal, quien clausur\u00f3 los trabajos en representaci\u00f3n de la doctora Mar\u00eda de Villarreal.<\/p>\n<p>Durante el evento, diversas \u00e1reas profesionales compartieron experiencias y conocimientos para mejorar la atenci\u00f3n a este grupo poblacional, adem\u00e1s de temas relacionados con las circunstancias que condicionan nuestro comportamiento con las personas mayores, mecanismos de denuncia y protecci\u00f3n para los adultos frente a la violencia y derechos humanos de las personas adultas mayores.<\/p>\n<p>Las ponencias estuvieron a cargo de especialistas de la Procuradur\u00eda del Adulto Mayor del DIF Tamaulipas, la Fiscal\u00eda General de Justicia del Estado y la Comisi\u00f3n Nacional de los Derechos Humanos.<\/p>\n<p>A trav\u00e9s de este ciclo, los Mensajeros de Paz buscan brindar conocimiento, recursos y herramientas para garantizar que las personas adultas mayores vivan de forma digna, segura y respetuosa. Adem\u00e1s, ofrecieron informaci\u00f3n clara y accesible sobre los mecanismos legales y sociales para denunciar situaciones de violencia y proteger a quienes las sufren, contribuyendo as\u00ed a mejorar su calidad de vida.<\/p>\n<p><img loading=\"lazy\" decoding=\"async\" class=\"aligncenter size-full wp-image-164047\" src=\"https:\/\/www.buroperiodistico.com.mx\/wp-content\/uploads\/2025\/06\/DIFviolencia-I.jpeg\" alt=\"\" width=\"640\" height=\"427\" srcset=\"https:\/\/www.buroperiodistico.com.mx\/wp-content\/uploads\/2025\/06\/DIFviolencia-I.jpeg 640w, https:\/\/www.buroperiodistico.com.mx\/wp-content\/uploads\/2025\/06\/DIFviolencia-I-300x200.jpeg 300w\" sizes=\"auto, (max-width: 640px) 100vw, 640px\" \/> <img loading=\"lazy\" decoding=\"async\" class=\"aligncenter size-full wp-image-164050\" src=\"https:\/\/www.buroperiodistico.com.mx\/wp-content\/uploads\/2025\/06\/DIFviolencia-IIII.jpeg\" alt=\"\" width=\"640\" height=\"427\" srcset=\"https:\/\/www.buroperiodistico.com.mx\/wp-content\/uploads\/2025\/06\/DIFviolencia-IIII.jpeg 640w, https:\/\/www.buroperiodistico.com.mx\/wp-content\/uploads\/2025\/06\/DIFviolencia-IIII-300x200.jpeg 300w\" sizes=\"auto, (max-width: 640px) 100vw, 640px\" \/> <img loading=\"lazy\" decoding=\"async\" class=\"aligncenter size-full wp-image-164049\" src=\"https:\/\/www.buroperiodistico.com.mx\/wp-content\/uploads\/2025\/06\/DIFviolencia-III.jpeg\" alt=\"\" width=\"640\" height=\"427\" srcset=\"https:\/\/www.buroperiodistico.com.mx\/wp-content\/uploads\/2025\/06\/DIFviolencia-III.jpeg 640w, https:\/\/www.buroperiodistico.com.mx\/wp-content\/uploads\/2025\/06\/DIFviolencia-III-300x200.jpeg 300w\" sizes=\"auto, (max-width: 640px) 100vw, 640px\" \/> <img loading=\"lazy\" decoding=\"async\" class=\"aligncenter size-full wp-image-164048\" src=\"https:\/\/www.buroperiodistico.com.mx\/wp-content\/uploads\/2025\/06\/DIFviolencia-II.jpeg\" alt=\"\" width=\"640\" height=\"427\" srcset=\"https:\/\/www.buroperiodistico.com.mx\/wp-content\/uploads\/2025\/06\/DIFviolencia-II.jpeg 640w, https:\/\/www.buroperiodistico.com.mx\/wp-content\/uploads\/2025\/06\/DIFviolencia-II-300x200.jpeg 300w\" sizes=\"auto, (max-width: 640px) 100vw, 640px\" \/><\/p>\n","protected":false},"excerpt":{"rendered":"<p>Ciudad Victoria, Tamaulipas (12-Junio-2025).- En el marco del D\u00eda Mundial de Toma de Conciencia del&#8230;<\/p>\n","protected":false},"author":1,"featured_media":164051,"comment_status":"closed","ping_status":"closed","sticky":false,"template":"","format":"standard","meta":{"footnotes":"","jetpack_publicize_message":"","jetpack_publicize_feature_enabled":true,"jetpack_social_post_already_shared":true,"jetpack_social_options":{"image_generator_settings":{"template":"highway","default_image_id":0,"font":"","enabled":false},"version":2}},"categories":[10],"tags":[],"class_list":["post-164046","post","type-post","status-publish","format-standard","has-post-thumbnail","hentry","category-tamaulipas"],"jetpack_publicize_connections":[],"_links":{"self":[{"href":"https:\/\/www.buroperiodistico.com.mx\/index.php?rest_route=\/wp\/v2\/posts\/164046","targetHints":{"allow":["GET"]}}],"collection":[{"href":"https:\/\/www.buroperiodistico.com.mx\/index.php?rest_route=\/wp\/v2\/posts"}],"about":[{"href":"https:\/\/www.buroperiodistico.com.mx\/index.php?rest_route=\/wp\/v2\/types\/post"}],"author":[{"embeddable":true,"href":"https:\/\/www.buroperiodistico.com.mx\/index.php?rest_route=\/wp\/v2\/users\/1"}],"replies":[{"embeddable":true,"href":"https:\/\/www.buroperiodistico.com.mx\/index.php?rest_route=%2Fwp%2Fv2%2Fcomments&post=164046"}],"version-history":[{"count":0,"href":"https:\/\/www.buroperiodistico.com.mx\/index.php?rest_route=\/wp\/v2\/posts\/164046\/revisions"}],"wp:featuredmedia":[{"embeddable":true,"href":"https:\/\/www.buroperiodistico.com.mx\/index.php?rest_route=\/wp\/v2\/media\/164051"}],"wp:attachment":[{"href":"https:\/\/www.buroperiodistico.com.mx\/index.php?rest_route=%2Fwp%2Fv2%2Fmedia&parent=164046"}],"wp:term":[{"taxonomy":"category","embeddable":true,"href":"https:\/\/www.buroperiodistico.com.mx\/index.php?rest_route=%2Fwp%2Fv2%2Fcategories&post=164046"},{"taxonomy":"post_tag","embeddable":true,"href":"https:\/\/www.buroperiodistico.com.mx\/index.php?rest_route=%2Fwp%2Fv2%2Ftags&post=164046"}],"curies":[{"name":"wp","href":"https:\/\/api.w.org\/{rel}","templated":true}]}}