{"id":164021,"date":"2025-06-12T17:12:12","date_gmt":"2025-06-12T22:12:12","guid":{"rendered":"https:\/\/www.buroperiodistico.com.mx\/?p=164021"},"modified":"2025-06-12T17:12:12","modified_gmt":"2025-06-12T22:12:12","slug":"mantiene-guardia-estatal-proximidad-en-negocios-locales","status":"publish","type":"post","link":"https:\/\/www.buroperiodistico.com.mx\/?p=164021","title":{"rendered":"Mantiene Guardia Estatal proximidad en negocios locales"},"content":{"rendered":"<p><em><strong><img loading=\"lazy\" decoding=\"async\" class=\" wp-image-164023 alignright\" src=\"https:\/\/www.buroperiodistico.com.mx\/wp-content\/uploads\/2025\/06\/Negoxiox.jpeg\" alt=\"\" width=\"471\" height=\"299\" srcset=\"https:\/\/www.buroperiodistico.com.mx\/wp-content\/uploads\/2025\/06\/Negoxiox.jpeg 1024w, https:\/\/www.buroperiodistico.com.mx\/wp-content\/uploads\/2025\/06\/Negoxiox-300x190.jpeg 300w, https:\/\/www.buroperiodistico.com.mx\/wp-content\/uploads\/2025\/06\/Negoxiox-768x488.jpeg 768w\" sizes=\"auto, (max-width: 471px) 100vw, 471px\" \/>San Fernando, Tamaulipas (12-Junio-2025).-<\/strong><\/em> Dentro de las acciones preventivas del delito, personal de la Guardia Estatal en el municipio de San Fernando mantiene la proximidad y vigilancia en negocios locales.<\/p>\n<p>Adem\u00e1s de la presencia y recorridos de seguridad y vigilancia, se dialoga con personal y consumidores de estos establecimientos para fomentar la denuncia formal al 911 y de manera an\u00f3nima a trav\u00e9s del 089 en caso de requerirlo.<\/p>\n<p>Esto con la finalidad de prevenir, interceptar y disuadir acciones constitutivas de delito y faltas administrativas al Bando de Polic\u00eda y Buen Gobierno.<\/p>\n<p>De esta manera, la Secretar\u00eda de Seguridad P\u00fablica de Tamaulipas (SSPT) reafirma su compromiso de salvaguardar el patrimonio y la integridad de la ciudadan\u00eda.<\/p>\n<p><img loading=\"lazy\" decoding=\"async\" class=\"aligncenter size-full wp-image-164022\" src=\"https:\/\/www.buroperiodistico.com.mx\/wp-content\/uploads\/2025\/06\/Negoxiox-I.jpeg\" alt=\"\" width=\"640\" height=\"480\" srcset=\"https:\/\/www.buroperiodistico.com.mx\/wp-content\/uploads\/2025\/06\/Negoxiox-I.jpeg 640w, https:\/\/www.buroperiodistico.com.mx\/wp-content\/uploads\/2025\/06\/Negoxiox-I-300x225.jpeg 300w\" sizes=\"auto, (max-width: 640px) 100vw, 640px\" \/><\/p>\n","protected":false},"excerpt":{"rendered":"<p>San Fernando, Tamaulipas (12-Junio-2025).- Dentro de las acciones preventivas del delito, personal de la Guardia&#8230;<\/p>\n","protected":false},"author":1,"featured_media":164023,"comment_status":"closed","ping_status":"closed","sticky":false,"template":"","format":"standard","meta":{"footnotes":"","jetpack_publicize_message":"","jetpack_publicize_feature_enabled":true,"jetpack_social_post_already_shared":true,"jetpack_social_options":{"image_generator_settings":{"template":"highway","default_image_id":0,"font":"","enabled":false},"version":2}},"categories":[10],"tags":[],"class_list":["post-164021","post","type-post","status-publish","format-standard","has-post-thumbnail","hentry","category-tamaulipas"],"jetpack_publicize_connections":[],"_links":{"self":[{"href":"https:\/\/www.buroperiodistico.com.mx\/index.php?rest_route=\/wp\/v2\/posts\/164021","targetHints":{"allow":["GET"]}}],"collection":[{"href":"https:\/\/www.buroperiodistico.com.mx\/index.php?rest_route=\/wp\/v2\/posts"}],"about":[{"href":"https:\/\/www.buroperiodistico.com.mx\/index.php?rest_route=\/wp\/v2\/types\/post"}],"author":[{"embeddable":true,"href":"https:\/\/www.buroperiodistico.com.mx\/index.php?rest_route=\/wp\/v2\/users\/1"}],"replies":[{"embeddable":true,"href":"https:\/\/www.buroperiodistico.com.mx\/index.php?rest_route=%2Fwp%2Fv2%2Fcomments&post=164021"}],"version-history":[{"count":0,"href":"https:\/\/www.buroperiodistico.com.mx\/index.php?rest_route=\/wp\/v2\/posts\/164021\/revisions"}],"wp:featuredmedia":[{"embeddable":true,"href":"https:\/\/www.buroperiodistico.com.mx\/index.php?rest_route=\/wp\/v2\/media\/164023"}],"wp:attachment":[{"href":"https:\/\/www.buroperiodistico.com.mx\/index.php?rest_route=%2Fwp%2Fv2%2Fmedia&parent=164021"}],"wp:term":[{"taxonomy":"category","embeddable":true,"href":"https:\/\/www.buroperiodistico.com.mx\/index.php?rest_route=%2Fwp%2Fv2%2Fcategories&post=164021"},{"taxonomy":"post_tag","embeddable":true,"href":"https:\/\/www.buroperiodistico.com.mx\/index.php?rest_route=%2Fwp%2Fv2%2Ftags&post=164021"}],"curies":[{"name":"wp","href":"https:\/\/api.w.org\/{rel}","templated":true}]}}