{"id":164004,"date":"2025-06-12T15:47:08","date_gmt":"2025-06-12T20:47:08","guid":{"rendered":"https:\/\/www.buroperiodistico.com.mx\/?p=164004"},"modified":"2025-06-12T15:47:08","modified_gmt":"2025-06-12T20:47:08","slug":"presidencia-cerquita-de-ti-llega-a-la-colonia-concordia","status":"publish","type":"post","link":"https:\/\/www.buroperiodistico.com.mx\/?p=164004","title":{"rendered":"PRESIDENCIA CERQUITA DE TI LLEGA A LA COLONIA CONCORDIA"},"content":{"rendered":"<p dir=\"ltr\"><em><strong><img loading=\"lazy\" decoding=\"async\" class=\" wp-image-164008 alignright\" src=\"https:\/\/www.buroperiodistico.com.mx\/wp-content\/uploads\/2025\/06\/PCT-2.jpg\" alt=\"\" width=\"557\" height=\"331\" srcset=\"https:\/\/www.buroperiodistico.com.mx\/wp-content\/uploads\/2025\/06\/PCT-2.jpg 1024w, https:\/\/www.buroperiodistico.com.mx\/wp-content\/uploads\/2025\/06\/PCT-2-300x178.jpg 300w, https:\/\/www.buroperiodistico.com.mx\/wp-content\/uploads\/2025\/06\/PCT-2-768x457.jpg 768w\" sizes=\"auto, (max-width: 557px) 100vw, 557px\" \/>Nuevo Laredo, Tam (12-Junio-2025).-<\/strong><\/em> El programa \u00abPresidencia Cerquita de Ti\u00bb se llev\u00f3 a cabo con \u00e9xito en la colonia Concordia, brindando atenci\u00f3n directa, tr\u00e1mites y servicios a los vecinos de esta comunidad.<\/p>\n<p dir=\"ltr\">Esta edici\u00f3n estuvo encabezada por la presidenta del Sistema DIF, Claudette Canturosas Villarreal, acompa\u00f1ada de funcionarios de todas las dependencias municipales, quienes atendieron de manera directa a los asistentes.<\/p>\n<p dir=\"ltr\">Durante el evento, los ciudadanos pudieron realizar tr\u00e1mites, recibir orientaci\u00f3n personalizada y expresar sus inquietudes de manera directa a las autoridades.<\/p>\n<p dir=\"ltr\">Entre los servicios ofrecidos destacaron asesor\u00edas jur\u00eddicas, atenci\u00f3n m\u00e9dica, consultas veterinarias, programas sociales, bolsa de trabajo, descuentos en pagos municipales, actividades culturales y recreativas, as\u00ed como m\u00f3dulos de salud, bienestar y desarrollo urbano.<\/p>\n<p dir=\"ltr\">El programa \u00abPresidencia Cerquita de Ti\u00bb tiene como objetivo fomentar el di\u00e1logo abierto con los habitantes de cada colonia, identificar problem\u00e1ticas de manera puntual y resolverlas con eficiencia. Con esta estrategia, la administraci\u00f3n municipal reafirma su compromiso de trabajar hombro a hombro con la comunidad.<\/p>\n<p dir=\"ltr\">Los vecinos de Concordia agradecieron la presencia del gobierno en su colonia, destacando la importancia de este tipo de iniciativas que fortalecen el v\u00ednculo entre ciudadan\u00eda y autoridad.<\/p>\n<p dir=\"ltr\">La Presidencia Municipal invita a la poblaci\u00f3n a mantenerse atenta a las pr\u00f3ximas fechas del programa, que continuar\u00e1 recorriendo diferentes sectores del municipio para seguir construyendo una ciudad m\u00e1s justa, participativa y unida.<\/p>\n<p dir=\"ltr\"><img loading=\"lazy\" decoding=\"async\" class=\"aligncenter size-full wp-image-164005\" src=\"https:\/\/www.buroperiodistico.com.mx\/wp-content\/uploads\/2025\/06\/PCT-I-2.jpg\" alt=\"\" width=\"640\" height=\"427\" srcset=\"https:\/\/www.buroperiodistico.com.mx\/wp-content\/uploads\/2025\/06\/PCT-I-2.jpg 640w, https:\/\/www.buroperiodistico.com.mx\/wp-content\/uploads\/2025\/06\/PCT-I-2-300x200.jpg 300w\" sizes=\"auto, (max-width: 640px) 100vw, 640px\" \/> <img loading=\"lazy\" decoding=\"async\" class=\"aligncenter size-full wp-image-164007\" src=\"https:\/\/www.buroperiodistico.com.mx\/wp-content\/uploads\/2025\/06\/PCT-III-1.jpg\" alt=\"\" width=\"640\" height=\"427\" srcset=\"https:\/\/www.buroperiodistico.com.mx\/wp-content\/uploads\/2025\/06\/PCT-III-1.jpg 640w, https:\/\/www.buroperiodistico.com.mx\/wp-content\/uploads\/2025\/06\/PCT-III-1-300x200.jpg 300w\" sizes=\"auto, (max-width: 640px) 100vw, 640px\" \/> <img loading=\"lazy\" decoding=\"async\" class=\"aligncenter size-full wp-image-164006\" src=\"https:\/\/www.buroperiodistico.com.mx\/wp-content\/uploads\/2025\/06\/PCT-II-1.jpg\" alt=\"\" width=\"640\" height=\"427\" srcset=\"https:\/\/www.buroperiodistico.com.mx\/wp-content\/uploads\/2025\/06\/PCT-II-1.jpg 640w, https:\/\/www.buroperiodistico.com.mx\/wp-content\/uploads\/2025\/06\/PCT-II-1-300x200.jpg 300w\" sizes=\"auto, (max-width: 640px) 100vw, 640px\" \/><\/p>\n","protected":false},"excerpt":{"rendered":"<p>Nuevo Laredo, Tam (12-Junio-2025).- El programa \u00abPresidencia Cerquita de Ti\u00bb se llev\u00f3 a cabo con&#8230;<\/p>\n","protected":false},"author":1,"featured_media":164008,"comment_status":"closed","ping_status":"closed","sticky":false,"template":"","format":"standard","meta":{"footnotes":"","jetpack_publicize_message":"","jetpack_publicize_feature_enabled":true,"jetpack_social_post_already_shared":true,"jetpack_social_options":{"image_generator_settings":{"template":"highway","default_image_id":0,"font":"","enabled":false},"version":2}},"categories":[16],"tags":[],"class_list":["post-164004","post","type-post","status-publish","format-standard","has-post-thumbnail","hentry","category-nuevolaredo"],"jetpack_publicize_connections":[],"_links":{"self":[{"href":"https:\/\/www.buroperiodistico.com.mx\/index.php?rest_route=\/wp\/v2\/posts\/164004","targetHints":{"allow":["GET"]}}],"collection":[{"href":"https:\/\/www.buroperiodistico.com.mx\/index.php?rest_route=\/wp\/v2\/posts"}],"about":[{"href":"https:\/\/www.buroperiodistico.com.mx\/index.php?rest_route=\/wp\/v2\/types\/post"}],"author":[{"embeddable":true,"href":"https:\/\/www.buroperiodistico.com.mx\/index.php?rest_route=\/wp\/v2\/users\/1"}],"replies":[{"embeddable":true,"href":"https:\/\/www.buroperiodistico.com.mx\/index.php?rest_route=%2Fwp%2Fv2%2Fcomments&post=164004"}],"version-history":[{"count":0,"href":"https:\/\/www.buroperiodistico.com.mx\/index.php?rest_route=\/wp\/v2\/posts\/164004\/revisions"}],"wp:featuredmedia":[{"embeddable":true,"href":"https:\/\/www.buroperiodistico.com.mx\/index.php?rest_route=\/wp\/v2\/media\/164008"}],"wp:attachment":[{"href":"https:\/\/www.buroperiodistico.com.mx\/index.php?rest_route=%2Fwp%2Fv2%2Fmedia&parent=164004"}],"wp:term":[{"taxonomy":"category","embeddable":true,"href":"https:\/\/www.buroperiodistico.com.mx\/index.php?rest_route=%2Fwp%2Fv2%2Fcategories&post=164004"},{"taxonomy":"post_tag","embeddable":true,"href":"https:\/\/www.buroperiodistico.com.mx\/index.php?rest_route=%2Fwp%2Fv2%2Ftags&post=164004"}],"curies":[{"name":"wp","href":"https:\/\/api.w.org\/{rel}","templated":true}]}}