{"id":164000,"date":"2025-06-12T15:41:48","date_gmt":"2025-06-12T20:41:48","guid":{"rendered":"https:\/\/www.buroperiodistico.com.mx\/?p=164000"},"modified":"2025-06-12T15:41:48","modified_gmt":"2025-06-12T20:41:48","slug":"realiza-sipinna-segunda-sesion-de-la-comision-de-tecnologia-y-contenidos-audiovisuales-para-proteger-a-la-ninez-en-entornos-digitales","status":"publish","type":"post","link":"https:\/\/www.buroperiodistico.com.mx\/?p=164000","title":{"rendered":"Realiza SIPINNA segunda sesi\u00f3n de la Comisi\u00f3n de Tecnolog\u00eda y Contenidos Audiovisuales para proteger a la ni\u00f1ez en entornos digitales"},"content":{"rendered":"<p><em><strong><img loading=\"lazy\" decoding=\"async\" class=\" wp-image-164002 alignright\" src=\"https:\/\/www.buroperiodistico.com.mx\/wp-content\/uploads\/2025\/06\/NNAdigitales.jpeg\" alt=\"\" width=\"537\" height=\"325\" srcset=\"https:\/\/www.buroperiodistico.com.mx\/wp-content\/uploads\/2025\/06\/NNAdigitales.jpeg 1024w, https:\/\/www.buroperiodistico.com.mx\/wp-content\/uploads\/2025\/06\/NNAdigitales-300x182.jpeg 300w, https:\/\/www.buroperiodistico.com.mx\/wp-content\/uploads\/2025\/06\/NNAdigitales-768x465.jpeg 768w\" sizes=\"auto, (max-width: 537px) 100vw, 537px\" \/>Ciudad Victoria, Tamaulipas (12-Junio-2025).-<\/strong><\/em> En un esfuerzo conjunto por garantizar entornos digitales seguros y promover contenidos responsables dirigidos a la ni\u00f1ez y adolescencia, el Sistema de Protecci\u00f3n Integral de los Derechos de Ni\u00f1as, Ni\u00f1os y Adolescentes (SIPINNA), encabezado por Ivette Salazar M\u00e1rquez, llev\u00f3 a cabo la segunda sesi\u00f3n de la Comisi\u00f3n de Tecnolog\u00eda de la Informaci\u00f3n y Contenidos Audiovisuales.<\/p>\n<p>En representaci\u00f3n del secretario general de Gobierno, H\u00e9ctor Joel Villegas Gonz\u00e1lez, asisti\u00f3 el subsecretario de Legalidad y Servicios Gubernamentales, Jorge Luis Beas G\u00e1mez, quien, en su mensaje, destac\u00f3 la importancia de adaptar las pol\u00edticas p\u00fablicas a los desaf\u00edos del entorno digital actual.<\/p>\n<p>\u201cVivimos tiempos de transformaci\u00f3n. El avance tecnol\u00f3gico ha abierto nuevas oportunidades, pero tambi\u00e9n plantea grandes retos. Las ni\u00f1as, ni\u00f1os y adolescentes interact\u00faan diariamente con entornos digitales que influyen en su percepci\u00f3n del mundo, su autoestima, su aprendizaje y, sobre todo, en sus relaciones sociales. Nuestra responsabilidad es clara: generar contenidos seguros, incluyentes y positivos, as\u00ed como construir espacios digitales que promuevan la paz, la equidad y el respeto por los derechos humanos\u201d, puntualiz\u00f3 Beas G\u00e1mez.<\/p>\n<p>Asimismo, subray\u00f3 el liderazgo del gobernador Am\u00e9rico Villarreal Anaya, quien ha sido enf\u00e1tico en colocar a la ni\u00f1ez y adolescencia en el centro de todas las pol\u00edticas p\u00fablicas del estado.<\/p>\n<p>\u201cBajo su liderazgo, avanzamos con firmeza en la construcci\u00f3n de un estado m\u00e1s justo, m\u00e1s incluyente y, como se ha reiterado, un estado profundamente humano. Su visi\u00f3n impulsa una transformaci\u00f3n profunda que defiende los derechos, abraza la diversidad y siembra oportunidades para el desarrollo pleno de cada persona, y especialmente de cada infante\u201d, agreg\u00f3.<\/p>\n<p>Durante la sesi\u00f3n se cont\u00f3 con la participaci\u00f3n de diversas autoridades y especialistas, entre ellos Edwin Tuexi Amaro, coordinador estatal de la Agencia de Innovaci\u00f3n e Inteligencia Digital de Tamaulipas, con el tema \u201cGobierno Digital\u201d; Luis Armando<\/p>\n<p>Mar\u00edn Anaya, polic\u00eda tercero \u201cA\u201d, Anselma Lizeth Porras Hern\u00e1ndez, polic\u00eda tercero \u201cA,\u201d con el tema Prevenci\u00f3n de los Delitos Cibern\u00e9ticos\u201d; Lorena Perales Salinas, comisionada estatal de Atenci\u00f3n a V\u00edctimas; Enrique \u00c1vila Vel\u00e1zquez, director de Planeaci\u00f3n de Comunicaci\u00f3n Social del Gobierno del Estado; Herlinda Molina Estrada, delegada estatal de Atenci\u00f3n a la Violencia Familiar y de G\u00e9nero; Rodrigo Iv\u00e1n Moyle Santamar\u00eda, director de Comunicaci\u00f3n Social de la Fiscal\u00eda General de Justicia; y Humberto Salvador Mel\u00e9ndez Porras, director del CBTIS 119, as\u00ed como invitados especiales.<\/p>\n<p>El trabajo de esta comisi\u00f3n busca establecer lineamientos y estrategias para la creaci\u00f3n de contenidos digitales que fortalezcan la protecci\u00f3n de los derechos de ni\u00f1as, ni\u00f1os y adolescentes en el entorno virtual, garantizando su desarrollo integral en un ambiente sano, seguro y libre de violencia.<\/p>\n<p><img loading=\"lazy\" decoding=\"async\" class=\"aligncenter size-full wp-image-164001\" src=\"https:\/\/www.buroperiodistico.com.mx\/wp-content\/uploads\/2025\/06\/NNAdigitales-I.jpeg\" alt=\"\" width=\"640\" height=\"426\" srcset=\"https:\/\/www.buroperiodistico.com.mx\/wp-content\/uploads\/2025\/06\/NNAdigitales-I.jpeg 640w, https:\/\/www.buroperiodistico.com.mx\/wp-content\/uploads\/2025\/06\/NNAdigitales-I-300x200.jpeg 300w\" sizes=\"auto, (max-width: 640px) 100vw, 640px\" \/><\/p>\n","protected":false},"excerpt":{"rendered":"<p>Ciudad Victoria, Tamaulipas (12-Junio-2025).- En un esfuerzo conjunto por garantizar entornos digitales seguros y promover&#8230;<\/p>\n","protected":false},"author":1,"featured_media":164002,"comment_status":"closed","ping_status":"closed","sticky":false,"template":"","format":"standard","meta":{"footnotes":"","jetpack_publicize_message":"","jetpack_publicize_feature_enabled":true,"jetpack_social_post_already_shared":true,"jetpack_social_options":{"image_generator_settings":{"template":"highway","default_image_id":0,"font":"","enabled":false},"version":2}},"categories":[10],"tags":[],"class_list":["post-164000","post","type-post","status-publish","format-standard","has-post-thumbnail","hentry","category-tamaulipas"],"jetpack_publicize_connections":[],"_links":{"self":[{"href":"https:\/\/www.buroperiodistico.com.mx\/index.php?rest_route=\/wp\/v2\/posts\/164000","targetHints":{"allow":["GET"]}}],"collection":[{"href":"https:\/\/www.buroperiodistico.com.mx\/index.php?rest_route=\/wp\/v2\/posts"}],"about":[{"href":"https:\/\/www.buroperiodistico.com.mx\/index.php?rest_route=\/wp\/v2\/types\/post"}],"author":[{"embeddable":true,"href":"https:\/\/www.buroperiodistico.com.mx\/index.php?rest_route=\/wp\/v2\/users\/1"}],"replies":[{"embeddable":true,"href":"https:\/\/www.buroperiodistico.com.mx\/index.php?rest_route=%2Fwp%2Fv2%2Fcomments&post=164000"}],"version-history":[{"count":0,"href":"https:\/\/www.buroperiodistico.com.mx\/index.php?rest_route=\/wp\/v2\/posts\/164000\/revisions"}],"wp:featuredmedia":[{"embeddable":true,"href":"https:\/\/www.buroperiodistico.com.mx\/index.php?rest_route=\/wp\/v2\/media\/164002"}],"wp:attachment":[{"href":"https:\/\/www.buroperiodistico.com.mx\/index.php?rest_route=%2Fwp%2Fv2%2Fmedia&parent=164000"}],"wp:term":[{"taxonomy":"category","embeddable":true,"href":"https:\/\/www.buroperiodistico.com.mx\/index.php?rest_route=%2Fwp%2Fv2%2Fcategories&post=164000"},{"taxonomy":"post_tag","embeddable":true,"href":"https:\/\/www.buroperiodistico.com.mx\/index.php?rest_route=%2Fwp%2Fv2%2Ftags&post=164000"}],"curies":[{"name":"wp","href":"https:\/\/api.w.org\/{rel}","templated":true}]}}