{"id":163995,"date":"2025-06-12T14:33:06","date_gmt":"2025-06-12T19:33:06","guid":{"rendered":"https:\/\/www.buroperiodistico.com.mx\/?p=163995"},"modified":"2025-06-12T14:33:06","modified_gmt":"2025-06-12T19:33:06","slug":"clausura-gobierno-municipal-curso-de-emprendedor-a-empresario-nld","status":"publish","type":"post","link":"https:\/\/www.buroperiodistico.com.mx\/?p=163995","title":{"rendered":"CLAUSURA GOBIERNO MUNICIPAL CURSO \u201cDE EMPRENDEDOR A EMPRESARIO NLD\u201d\u00a0"},"content":{"rendered":"<p dir=\"ltr\"><em><strong><img loading=\"lazy\" decoding=\"async\" class=\" wp-image-163997 alignright\" src=\"https:\/\/www.buroperiodistico.com.mx\/wp-content\/uploads\/2025\/06\/CLAUSURA-CURSO-EMPRENDEDORES.jpg\" alt=\"\" width=\"564\" height=\"333\" srcset=\"https:\/\/www.buroperiodistico.com.mx\/wp-content\/uploads\/2025\/06\/CLAUSURA-CURSO-EMPRENDEDORES.jpg 1024w, https:\/\/www.buroperiodistico.com.mx\/wp-content\/uploads\/2025\/06\/CLAUSURA-CURSO-EMPRENDEDORES-300x177.jpg 300w, https:\/\/www.buroperiodistico.com.mx\/wp-content\/uploads\/2025\/06\/CLAUSURA-CURSO-EMPRENDEDORES-768x454.jpg 768w\" sizes=\"auto, (max-width: 564px) 100vw, 564px\" \/>Nuevo Laredo, Tam (12-Junio-2025).-<\/strong><\/em> Con la participaci\u00f3n de decenas de j\u00f3venes emprendedores, el Gobierno Municipal de Nuevo Laredo llev\u00f3 a cabo la clausura del curso \u201cDe Emprendedor a Empresario NLD\u201d, un taller dise\u00f1ado para fortalecer las capacidades empresariales de las juventudes y consolidar sus ideas en negocios sostenibles.<\/p>\n<p dir=\"ltr\">El evento de cierre tuvo lugar en la Infoteca \u201cSor Juana In\u00e9s de la Cruz\u201d, donde se reconoci\u00f3 el esfuerzo y dedicaci\u00f3n de los participantes que durante varias sesiones recibieron herramientas clave en temas como modelo de negocios, innovaci\u00f3n, an\u00e1lisis financiero y estrategias de marca.<\/p>\n<p dir=\"ltr\">Lorena Cavazos Mu\u00f1os, secretaria de Desarrollo Econ\u00f3mico, dirigi\u00f3 un mensaje de felicitaci\u00f3n a las y los j\u00f3venes, destacando su inter\u00e9s por crecer personal y profesionalmente, y reafirmando el compromiso del Gobierno Municipal con el impulso al desarrollo econ\u00f3mico local, especialmente a trav\u00e9s del fomento al emprendimiento juvenil.<\/p>\n<p dir=\"ltr\">\u201cEl gobierno de la presidenta Carmen Lilia es un aliado de quienes desean emprender. Adem\u00e1s de generar condiciones propicias para la inversi\u00f3n, apoyamos con programas concretos para que las y los emprendedores logren hacer realidad sus proyectos\u201d, expres\u00f3.<\/p>\n<p dir=\"ltr\">El curso tuvo como objetivo fortalecer las micro, peque\u00f1as y medianas empresas, as\u00ed como generar empleos, impulsar el comercio y fomentar la competitividad del sector emprendedor, brindando acompa\u00f1amiento t\u00e9cnico y estrat\u00e9gico a las nuevas generaciones de empresarios.<\/p>\n<p dir=\"ltr\">Durante el acto tambi\u00e9n se agradeci\u00f3 la participaci\u00f3n de ponentes y expertos que compartieron su experiencia con los asistentes, contribuyendo a enriquecer el aprendizaje colectivo y fomentar una cultura emprendedora en la ciudad.<\/p>\n<p dir=\"ltr\">Con actividades como esta, el Gobierno Municipal reafirma su apuesta por una juventud preparada, innovadora y comprometida con el desarrollo de Nuevo Laredo.<\/p>\n<p dir=\"ltr\"><img loading=\"lazy\" decoding=\"async\" class=\"aligncenter size-full wp-image-163996\" src=\"https:\/\/www.buroperiodistico.com.mx\/wp-content\/uploads\/2025\/06\/CLAUSURA-CURSO-EMPRENDEDORES-I.jpg\" alt=\"\" width=\"640\" height=\"428\" srcset=\"https:\/\/www.buroperiodistico.com.mx\/wp-content\/uploads\/2025\/06\/CLAUSURA-CURSO-EMPRENDEDORES-I.jpg 640w, https:\/\/www.buroperiodistico.com.mx\/wp-content\/uploads\/2025\/06\/CLAUSURA-CURSO-EMPRENDEDORES-I-300x201.jpg 300w\" sizes=\"auto, (max-width: 640px) 100vw, 640px\" \/><\/p>\n","protected":false},"excerpt":{"rendered":"<p>Nuevo Laredo, Tam (12-Junio-2025).- Con la participaci\u00f3n de decenas de j\u00f3venes emprendedores, el Gobierno Municipal&#8230;<\/p>\n","protected":false},"author":1,"featured_media":163997,"comment_status":"closed","ping_status":"closed","sticky":false,"template":"","format":"standard","meta":{"footnotes":"","jetpack_publicize_message":"","jetpack_publicize_feature_enabled":true,"jetpack_social_post_already_shared":true,"jetpack_social_options":{"image_generator_settings":{"template":"highway","default_image_id":0,"font":"","enabled":false},"version":2}},"categories":[16],"tags":[],"class_list":["post-163995","post","type-post","status-publish","format-standard","has-post-thumbnail","hentry","category-nuevolaredo"],"jetpack_publicize_connections":[],"_links":{"self":[{"href":"https:\/\/www.buroperiodistico.com.mx\/index.php?rest_route=\/wp\/v2\/posts\/163995","targetHints":{"allow":["GET"]}}],"collection":[{"href":"https:\/\/www.buroperiodistico.com.mx\/index.php?rest_route=\/wp\/v2\/posts"}],"about":[{"href":"https:\/\/www.buroperiodistico.com.mx\/index.php?rest_route=\/wp\/v2\/types\/post"}],"author":[{"embeddable":true,"href":"https:\/\/www.buroperiodistico.com.mx\/index.php?rest_route=\/wp\/v2\/users\/1"}],"replies":[{"embeddable":true,"href":"https:\/\/www.buroperiodistico.com.mx\/index.php?rest_route=%2Fwp%2Fv2%2Fcomments&post=163995"}],"version-history":[{"count":0,"href":"https:\/\/www.buroperiodistico.com.mx\/index.php?rest_route=\/wp\/v2\/posts\/163995\/revisions"}],"wp:featuredmedia":[{"embeddable":true,"href":"https:\/\/www.buroperiodistico.com.mx\/index.php?rest_route=\/wp\/v2\/media\/163997"}],"wp:attachment":[{"href":"https:\/\/www.buroperiodistico.com.mx\/index.php?rest_route=%2Fwp%2Fv2%2Fmedia&parent=163995"}],"wp:term":[{"taxonomy":"category","embeddable":true,"href":"https:\/\/www.buroperiodistico.com.mx\/index.php?rest_route=%2Fwp%2Fv2%2Fcategories&post=163995"},{"taxonomy":"post_tag","embeddable":true,"href":"https:\/\/www.buroperiodistico.com.mx\/index.php?rest_route=%2Fwp%2Fv2%2Ftags&post=163995"}],"curies":[{"name":"wp","href":"https:\/\/api.w.org\/{rel}","templated":true}]}}