{"id":163989,"date":"2025-06-12T14:29:49","date_gmt":"2025-06-12T19:29:49","guid":{"rendered":"https:\/\/www.buroperiodistico.com.mx\/?p=163989"},"modified":"2025-06-12T14:29:49","modified_gmt":"2025-06-12T19:29:49","slug":"evocan-la-fundacion-de-nuevo-laredo-con-emotiva-obra-de-teatro-en-la-infoteca","status":"publish","type":"post","link":"https:\/\/www.buroperiodistico.com.mx\/?p=163989","title":{"rendered":"EVOCAN LA FUNDACI\u00d3N DE NUEVO LAREDO CON EMOTIVA OBRA DE TEATRO EN LA INFOTECA\u00a0"},"content":{"rendered":"<p dir=\"ltr\"><em><strong><img loading=\"lazy\" decoding=\"async\" class=\" wp-image-163993 alignright\" src=\"https:\/\/www.buroperiodistico.com.mx\/wp-content\/uploads\/2025\/06\/OBRA-SIEMPRE-CON-LA-PATRIA.jpg\" alt=\"\" width=\"535\" height=\"305\" srcset=\"https:\/\/www.buroperiodistico.com.mx\/wp-content\/uploads\/2025\/06\/OBRA-SIEMPRE-CON-LA-PATRIA.jpg 1024w, https:\/\/www.buroperiodistico.com.mx\/wp-content\/uploads\/2025\/06\/OBRA-SIEMPRE-CON-LA-PATRIA-300x171.jpg 300w, https:\/\/www.buroperiodistico.com.mx\/wp-content\/uploads\/2025\/06\/OBRA-SIEMPRE-CON-LA-PATRIA-768x438.jpg 768w\" sizes=\"auto, (max-width: 535px) 100vw, 535px\" \/>Nuevo Laredo, Tam (12-Junio-2025).-<\/strong><\/em> Con casa llena se llev\u00f3 a cabo la obra de teatro \u00abSiempre con la Patria\u00bb en el auditorio de la Infoteca \u00abSor Juana In\u00e9s de la Cruz\u00bb durante el marco del 177 Aniversario de la Fundaci\u00f3n de Nuevo Laredo.<\/p>\n<p dir=\"ltr\">La representaci\u00f3n esc\u00e9nica en la que participaron ni\u00f1os y j\u00f3venes neolaredenses bajo la direcci\u00f3n de Azucena Rojas, llev\u00f3 al p\u00fablico por un pasaje hist\u00f3rico desde antes de la divisi\u00f3n del territorio a consecuencia de la guerra de M\u00e9xico contra Estados Unidos.<\/p>\n<p dir=\"ltr\">Adem\u00e1s de personificar a pr\u00f3ceres hist\u00f3ricos locales como Leonor Villegas de Magn\u00f3n, Mar\u00eda de Jes\u00fas de la Rosa \u00abLa Coronela\u00bb y Maclovio Herrera, entre otros, el momento m\u00e1s emotivo fue la escenificaci\u00f3n de \u00abLa Mudanza\u00bb, ese pasaje epop\u00e9yico en el que se dice que mucha familias exhumaron a sus muertos para cruzar con ellos el r\u00edo Bravo para seguir siendo mexicanos.<\/p>\n<p dir=\"ltr\">\u00abNos regocija que ni\u00f1os y j\u00f3venes se involucren en el teatro para mostrar no s\u00f3lo su talento, sino mostrar pasajes de nuestra historia y nuestros or\u00edgenes\u00bb, dijo Marcos Rodr\u00edguez Leija, Coordinador de Bibliotecas.<\/p>\n<p dir=\"ltr\">El funcionario destac\u00f3 que el objetivo de la presidenta municipal, la licenciada Carmen Lilia Canturosas Villarreal es darle vida a los espacios con actividades que nos integren como sociedad y sobre todo, con programas educativos y culturales que ampl\u00eden el conocimiento y fortalezcan nuestra identidad.<\/p>\n<p dir=\"ltr\">La obra estuvo a cargo de la compa\u00f1\u00eda teatral \u00abAdolfo L\u00f3pez Mateos\u00bb y se caracteriz\u00f3 tambi\u00e9n por la intervenci\u00f3n de m\u00fasicos y cantantes de la localidad.<\/p>\n<p dir=\"ltr\">El elenco estuvo a cargo de Laura Valeria Arag\u00f3n Ontiveros, Ana Isabel D\u00edaz Sald\u00edvar, Valeria Azeneth Rodr\u00edguez Orozco, Astrid Eilen Alfaro Ram\u00edrez, Sarah\u00ed Isbet Tello Hern\u00e1ndez, Abraham Lionel P\u00e9rez Mart\u00ednez, Joseugenio Manuel Su\u00e1rez-Murias Rojas, Adri\u00e1n Guti\u00e9rrez de Anda, Marian Tello Sol\u00eds, Laiza Valeria Sol\u00eds Bautista, Lilian Gisel Sol\u00eds Bautista y Martha Cecilia Mendoza Guerrero, adem\u00e1s de los m\u00fasicos Mario Conde y Enrique Medina.<\/p>\n<p dir=\"ltr\">En la presentaci\u00f3n estuvieron presentes, Claudette Villarreal de Canturosas e integrantes de la Fundaci\u00f3n Carlos Cant\u00fa Rosas, estudiantes de diferentes escuelas y p\u00fablico en general.<\/p>\n<p dir=\"ltr\">En la infoteca el arte y la cultura son herramientas importantes de sus programas con fines educativos, pues adem\u00e1s de la narraci\u00f3n oral y c\u00edrculos de lectura para la promoci\u00f3n del h\u00e1bito por la lectura, cuenta con la presentaci\u00f3n de obras de teatro, proyecciones de cine, presentaciones de libros y talleres de arte, entre otras actividades culturales, acad\u00e9micas y recreativas.<\/p>\n<p dir=\"ltr\"><img loading=\"lazy\" decoding=\"async\" class=\"aligncenter size-full wp-image-163990\" src=\"https:\/\/www.buroperiodistico.com.mx\/wp-content\/uploads\/2025\/06\/OBRA-SIEMPRE-CON-LA-PATRIA-I.jpg\" alt=\"\" width=\"640\" height=\"427\" srcset=\"https:\/\/www.buroperiodistico.com.mx\/wp-content\/uploads\/2025\/06\/OBRA-SIEMPRE-CON-LA-PATRIA-I.jpg 640w, https:\/\/www.buroperiodistico.com.mx\/wp-content\/uploads\/2025\/06\/OBRA-SIEMPRE-CON-LA-PATRIA-I-300x200.jpg 300w\" sizes=\"auto, (max-width: 640px) 100vw, 640px\" \/> <img loading=\"lazy\" decoding=\"async\" class=\"aligncenter size-full wp-image-163992\" src=\"https:\/\/www.buroperiodistico.com.mx\/wp-content\/uploads\/2025\/06\/OBRA-SIEMPRE-CON-LA-PATRIA-III.jpg\" alt=\"\" width=\"640\" height=\"427\" srcset=\"https:\/\/www.buroperiodistico.com.mx\/wp-content\/uploads\/2025\/06\/OBRA-SIEMPRE-CON-LA-PATRIA-III.jpg 640w, https:\/\/www.buroperiodistico.com.mx\/wp-content\/uploads\/2025\/06\/OBRA-SIEMPRE-CON-LA-PATRIA-III-300x200.jpg 300w\" sizes=\"auto, (max-width: 640px) 100vw, 640px\" \/> <img loading=\"lazy\" decoding=\"async\" class=\"aligncenter size-full wp-image-163991\" src=\"https:\/\/www.buroperiodistico.com.mx\/wp-content\/uploads\/2025\/06\/OBRA-SIEMPRE-CON-LA-PATRIA-II.jpg\" alt=\"\" width=\"640\" height=\"427\" srcset=\"https:\/\/www.buroperiodistico.com.mx\/wp-content\/uploads\/2025\/06\/OBRA-SIEMPRE-CON-LA-PATRIA-II.jpg 640w, https:\/\/www.buroperiodistico.com.mx\/wp-content\/uploads\/2025\/06\/OBRA-SIEMPRE-CON-LA-PATRIA-II-300x200.jpg 300w\" sizes=\"auto, (max-width: 640px) 100vw, 640px\" \/><\/p>\n","protected":false},"excerpt":{"rendered":"<p>Nuevo Laredo, Tam (12-Junio-2025).- Con casa llena se llev\u00f3 a cabo la obra de teatro&#8230;<\/p>\n","protected":false},"author":1,"featured_media":163993,"comment_status":"closed","ping_status":"closed","sticky":false,"template":"","format":"standard","meta":{"footnotes":"","jetpack_publicize_message":"","jetpack_publicize_feature_enabled":true,"jetpack_social_post_already_shared":true,"jetpack_social_options":{"image_generator_settings":{"template":"highway","default_image_id":0,"font":"","enabled":false},"version":2}},"categories":[16],"tags":[],"class_list":["post-163989","post","type-post","status-publish","format-standard","has-post-thumbnail","hentry","category-nuevolaredo"],"jetpack_publicize_connections":[],"_links":{"self":[{"href":"https:\/\/www.buroperiodistico.com.mx\/index.php?rest_route=\/wp\/v2\/posts\/163989","targetHints":{"allow":["GET"]}}],"collection":[{"href":"https:\/\/www.buroperiodistico.com.mx\/index.php?rest_route=\/wp\/v2\/posts"}],"about":[{"href":"https:\/\/www.buroperiodistico.com.mx\/index.php?rest_route=\/wp\/v2\/types\/post"}],"author":[{"embeddable":true,"href":"https:\/\/www.buroperiodistico.com.mx\/index.php?rest_route=\/wp\/v2\/users\/1"}],"replies":[{"embeddable":true,"href":"https:\/\/www.buroperiodistico.com.mx\/index.php?rest_route=%2Fwp%2Fv2%2Fcomments&post=163989"}],"version-history":[{"count":0,"href":"https:\/\/www.buroperiodistico.com.mx\/index.php?rest_route=\/wp\/v2\/posts\/163989\/revisions"}],"wp:featuredmedia":[{"embeddable":true,"href":"https:\/\/www.buroperiodistico.com.mx\/index.php?rest_route=\/wp\/v2\/media\/163993"}],"wp:attachment":[{"href":"https:\/\/www.buroperiodistico.com.mx\/index.php?rest_route=%2Fwp%2Fv2%2Fmedia&parent=163989"}],"wp:term":[{"taxonomy":"category","embeddable":true,"href":"https:\/\/www.buroperiodistico.com.mx\/index.php?rest_route=%2Fwp%2Fv2%2Fcategories&post=163989"},{"taxonomy":"post_tag","embeddable":true,"href":"https:\/\/www.buroperiodistico.com.mx\/index.php?rest_route=%2Fwp%2Fv2%2Ftags&post=163989"}],"curies":[{"name":"wp","href":"https:\/\/api.w.org\/{rel}","templated":true}]}}