{"id":163986,"date":"2025-06-12T14:17:23","date_gmt":"2025-06-12T19:17:23","guid":{"rendered":"https:\/\/www.buroperiodistico.com.mx\/?p=163986"},"modified":"2025-06-12T14:17:23","modified_gmt":"2025-06-12T19:17:23","slug":"guardia-estatal-atiende-choque-multiple-de-tractocamiones-en-jaumave","status":"publish","type":"post","link":"https:\/\/www.buroperiodistico.com.mx\/?p=163986","title":{"rendered":"Guardia Estatal atiende choque m\u00faltiple de tractocamiones en Jaumave"},"content":{"rendered":"<p><em><strong><img loading=\"lazy\" decoding=\"async\" class=\" wp-image-163987 alignright\" src=\"https:\/\/www.buroperiodistico.com.mx\/wp-content\/uploads\/2025\/06\/Choqux.jpeg\" alt=\"\" width=\"491\" height=\"320\" srcset=\"https:\/\/www.buroperiodistico.com.mx\/wp-content\/uploads\/2025\/06\/Choqux.jpeg 1024w, https:\/\/www.buroperiodistico.com.mx\/wp-content\/uploads\/2025\/06\/Choqux-300x196.jpeg 300w, https:\/\/www.buroperiodistico.com.mx\/wp-content\/uploads\/2025\/06\/Choqux-768x501.jpeg 768w\" sizes=\"auto, (max-width: 491px) 100vw, 491px\" \/>Jaumave, Tamaulipas (12-Junio-2025).-<\/strong><\/em> En atenci\u00f3n a un reporte del C5 personal de la Guardia Estatal de Apoyo Carretero acudi\u00f3 al kil\u00f3metro 105 de la Carretera Federal 101 Victoria-Tula para realizar acciones interinstitucionales de seguridad ante un choque m\u00faltiple de tres tractocamiones.<\/p>\n<p>La colisi\u00f3n se suscit\u00f3 cerca del ejido El Sotol en el municipio de Jaumave, y se notific\u00f3 el traslado de uno de los conductores al Hospital Integral de esta ciudad tras resultar lesionado.<\/p>\n<p>Las unidades participantes fueron un tractocami\u00f3n de dos cajas que transportaba cascarillas de trigo desde Progreso, Texas, con destino a Irapuato, Guanajuato; un segundo veh\u00edculo que transportaba cajas de carne desde Altamira, Tamaulipas hacia Guadalajara, Jalisco; y un tercero que transportaba aguacates desde Uruapan, Michoac\u00e1n.<\/p>\n<p>Cabe mencionar que los conductores de los primeros dos tractocamiones manifestaron no requerir atenci\u00f3n m\u00e9dica.<\/p>\n<p>Al arribo de los efectivos de la Guardia Estatal, personal de Protecci\u00f3n Civil se encontraba ya en el \u00e1rea, posteriormente, acudieron elementos de la Guardia Nacional y de la Coordinaci\u00f3n Jaumave de la Guardia Estatal para coadyuvar con la seguridad perimetral.<\/p>\n","protected":false},"excerpt":{"rendered":"<p>Jaumave, Tamaulipas (12-Junio-2025).- En atenci\u00f3n a un reporte del C5 personal de la Guardia Estatal&#8230;<\/p>\n","protected":false},"author":1,"featured_media":163987,"comment_status":"closed","ping_status":"closed","sticky":false,"template":"","format":"standard","meta":{"footnotes":"","jetpack_publicize_message":"","jetpack_publicize_feature_enabled":true,"jetpack_social_post_already_shared":true,"jetpack_social_options":{"image_generator_settings":{"template":"highway","default_image_id":0,"font":"","enabled":false},"version":2}},"categories":[10],"tags":[],"class_list":["post-163986","post","type-post","status-publish","format-standard","has-post-thumbnail","hentry","category-tamaulipas"],"jetpack_publicize_connections":[],"_links":{"self":[{"href":"https:\/\/www.buroperiodistico.com.mx\/index.php?rest_route=\/wp\/v2\/posts\/163986","targetHints":{"allow":["GET"]}}],"collection":[{"href":"https:\/\/www.buroperiodistico.com.mx\/index.php?rest_route=\/wp\/v2\/posts"}],"about":[{"href":"https:\/\/www.buroperiodistico.com.mx\/index.php?rest_route=\/wp\/v2\/types\/post"}],"author":[{"embeddable":true,"href":"https:\/\/www.buroperiodistico.com.mx\/index.php?rest_route=\/wp\/v2\/users\/1"}],"replies":[{"embeddable":true,"href":"https:\/\/www.buroperiodistico.com.mx\/index.php?rest_route=%2Fwp%2Fv2%2Fcomments&post=163986"}],"version-history":[{"count":0,"href":"https:\/\/www.buroperiodistico.com.mx\/index.php?rest_route=\/wp\/v2\/posts\/163986\/revisions"}],"wp:featuredmedia":[{"embeddable":true,"href":"https:\/\/www.buroperiodistico.com.mx\/index.php?rest_route=\/wp\/v2\/media\/163987"}],"wp:attachment":[{"href":"https:\/\/www.buroperiodistico.com.mx\/index.php?rest_route=%2Fwp%2Fv2%2Fmedia&parent=163986"}],"wp:term":[{"taxonomy":"category","embeddable":true,"href":"https:\/\/www.buroperiodistico.com.mx\/index.php?rest_route=%2Fwp%2Fv2%2Fcategories&post=163986"},{"taxonomy":"post_tag","embeddable":true,"href":"https:\/\/www.buroperiodistico.com.mx\/index.php?rest_route=%2Fwp%2Fv2%2Ftags&post=163986"}],"curies":[{"name":"wp","href":"https:\/\/api.w.org\/{rel}","templated":true}]}}