{"id":163772,"date":"2025-06-11T11:44:14","date_gmt":"2025-06-11T16:44:14","guid":{"rendered":"https:\/\/www.buroperiodistico.com.mx\/?p=163772"},"modified":"2025-06-11T11:44:14","modified_gmt":"2025-06-11T16:44:14","slug":"desarrolla-multiples-actividades-personal-de-servicios-publicos-de-reynosa","status":"publish","type":"post","link":"https:\/\/www.buroperiodistico.com.mx\/?p=163772","title":{"rendered":"Desarrolla m\u00faltiples actividades personal de Servicios P\u00fablicos de Reynosa"},"content":{"rendered":"<p><em><strong><img loading=\"lazy\" decoding=\"async\" class=\" wp-image-163781 alignright\" src=\"https:\/\/www.buroperiodistico.com.mx\/wp-content\/uploads\/2025\/06\/SPx.jpeg\" alt=\"\" width=\"501\" height=\"291\" srcset=\"https:\/\/www.buroperiodistico.com.mx\/wp-content\/uploads\/2025\/06\/SPx.jpeg 1024w, https:\/\/www.buroperiodistico.com.mx\/wp-content\/uploads\/2025\/06\/SPx-300x174.jpeg 300w, https:\/\/www.buroperiodistico.com.mx\/wp-content\/uploads\/2025\/06\/SPx-768x446.jpeg 768w\" sizes=\"auto, (max-width: 501px) 100vw, 501px\" \/>Reynosa, Tam (11-Junio-2025).-<\/strong><\/em> La Secretar\u00eda de Servicios P\u00fablicos contin\u00faa con intensas labores de limpieza de calles, terrenos bald\u00edos, regado de \u00e1reas verdes y embellecimiento de infraestructura urbana, por instrucci\u00f3n del Alcalde Carlos Pe\u00f1a Ortiz, en atenci\u00f3n a peticiones ciudadanas y por programaci\u00f3n de acuerdo a una bit\u00e1cora diaria para todos los sectores.<\/p>\n<p>Cuadrillas limpian los taludes del canal Anzald\u00faas, con el objeto de mejorar el aspecto general de ese sector. Otro de los trabajos realizados fue el mejoramiento de la plaza p\u00fablica y \u00e1rea de juegos infantiles ubicada en la calle Flor de Maravilla, de la colonia San Valent\u00edn.<\/p>\n<p>Se dio seguimiento a labores de limpieza a lo largo de los laterales de las v\u00edas del ferrocarril, en la Zona Centro. En la calle Chapultepec de la colonia Valle Alto se aplic\u00f3 limpieza, chapoleo, barrido, raspado y podado.<\/p>\n<p>Gracias a peticiones ciudadanas, el personal lleg\u00f3 hasta la plaza p\u00fablica de la colonia Loma Real, donde se llevaron a cabo actividades de limpieza general y se llev\u00f3 a cabo la colocaci\u00f3n de piedra ornamental sobre el camell\u00f3n del bulevar L\u00e1zaro C\u00e1rdenas entre las calles Uruguay y Panam\u00e1 de la colonia Anzald\u00faas.<\/p>\n<p>#ReynosaImparable<br \/>\n#GobiernoMunicipalDeReynosa<\/p>\n<p><img loading=\"lazy\" decoding=\"async\" class=\"aligncenter size-full wp-image-163773\" src=\"https:\/\/www.buroperiodistico.com.mx\/wp-content\/uploads\/2025\/06\/SPx-I.jpeg\" alt=\"\" width=\"640\" height=\"405\" srcset=\"https:\/\/www.buroperiodistico.com.mx\/wp-content\/uploads\/2025\/06\/SPx-I.jpeg 640w, https:\/\/www.buroperiodistico.com.mx\/wp-content\/uploads\/2025\/06\/SPx-I-300x190.jpeg 300w\" sizes=\"auto, (max-width: 640px) 100vw, 640px\" \/> <img loading=\"lazy\" decoding=\"async\" class=\"aligncenter size-full wp-image-163780\" src=\"https:\/\/www.buroperiodistico.com.mx\/wp-content\/uploads\/2025\/06\/SPx-IIIIIIII.jpeg\" alt=\"\" width=\"640\" height=\"407\" srcset=\"https:\/\/www.buroperiodistico.com.mx\/wp-content\/uploads\/2025\/06\/SPx-IIIIIIII.jpeg 640w, https:\/\/www.buroperiodistico.com.mx\/wp-content\/uploads\/2025\/06\/SPx-IIIIIIII-300x191.jpeg 300w\" sizes=\"auto, (max-width: 640px) 100vw, 640px\" \/> <img loading=\"lazy\" decoding=\"async\" class=\"aligncenter size-full wp-image-163779\" src=\"https:\/\/www.buroperiodistico.com.mx\/wp-content\/uploads\/2025\/06\/SPx-IIIIIII.jpeg\" alt=\"\" width=\"640\" height=\"396\" srcset=\"https:\/\/www.buroperiodistico.com.mx\/wp-content\/uploads\/2025\/06\/SPx-IIIIIII.jpeg 640w, https:\/\/www.buroperiodistico.com.mx\/wp-content\/uploads\/2025\/06\/SPx-IIIIIII-300x186.jpeg 300w\" sizes=\"auto, (max-width: 640px) 100vw, 640px\" \/> <img loading=\"lazy\" decoding=\"async\" class=\"aligncenter size-full wp-image-163778\" src=\"https:\/\/www.buroperiodistico.com.mx\/wp-content\/uploads\/2025\/06\/SPx-IIIIII.jpeg\" alt=\"\" width=\"640\" height=\"360\" srcset=\"https:\/\/www.buroperiodistico.com.mx\/wp-content\/uploads\/2025\/06\/SPx-IIIIII.jpeg 640w, https:\/\/www.buroperiodistico.com.mx\/wp-content\/uploads\/2025\/06\/SPx-IIIIII-300x169.jpeg 300w\" sizes=\"auto, (max-width: 640px) 100vw, 640px\" \/> <img loading=\"lazy\" decoding=\"async\" class=\"aligncenter size-full wp-image-163777\" src=\"https:\/\/www.buroperiodistico.com.mx\/wp-content\/uploads\/2025\/06\/SPx-IIIII.jpeg\" alt=\"\" width=\"640\" height=\"371\" srcset=\"https:\/\/www.buroperiodistico.com.mx\/wp-content\/uploads\/2025\/06\/SPx-IIIII.jpeg 640w, https:\/\/www.buroperiodistico.com.mx\/wp-content\/uploads\/2025\/06\/SPx-IIIII-300x174.jpeg 300w\" sizes=\"auto, (max-width: 640px) 100vw, 640px\" \/> <img loading=\"lazy\" decoding=\"async\" class=\"aligncenter size-full wp-image-163776\" src=\"https:\/\/www.buroperiodistico.com.mx\/wp-content\/uploads\/2025\/06\/SPx-IIII.jpeg\" alt=\"\" width=\"640\" height=\"357\" srcset=\"https:\/\/www.buroperiodistico.com.mx\/wp-content\/uploads\/2025\/06\/SPx-IIII.jpeg 640w, https:\/\/www.buroperiodistico.com.mx\/wp-content\/uploads\/2025\/06\/SPx-IIII-300x167.jpeg 300w\" sizes=\"auto, (max-width: 640px) 100vw, 640px\" \/> <img loading=\"lazy\" decoding=\"async\" class=\"aligncenter size-full wp-image-163775\" src=\"https:\/\/www.buroperiodistico.com.mx\/wp-content\/uploads\/2025\/06\/SPx-III.jpeg\" alt=\"\" width=\"640\" height=\"355\" srcset=\"https:\/\/www.buroperiodistico.com.mx\/wp-content\/uploads\/2025\/06\/SPx-III.jpeg 640w, https:\/\/www.buroperiodistico.com.mx\/wp-content\/uploads\/2025\/06\/SPx-III-300x166.jpeg 300w\" sizes=\"auto, (max-width: 640px) 100vw, 640px\" \/> <img loading=\"lazy\" decoding=\"async\" class=\"aligncenter size-full wp-image-163774\" src=\"https:\/\/www.buroperiodistico.com.mx\/wp-content\/uploads\/2025\/06\/SPx-II.jpeg\" alt=\"\" width=\"640\" height=\"376\" srcset=\"https:\/\/www.buroperiodistico.com.mx\/wp-content\/uploads\/2025\/06\/SPx-II.jpeg 640w, https:\/\/www.buroperiodistico.com.mx\/wp-content\/uploads\/2025\/06\/SPx-II-300x176.jpeg 300w\" sizes=\"auto, (max-width: 640px) 100vw, 640px\" \/><\/p>\n","protected":false},"excerpt":{"rendered":"<p>Reynosa, Tam (11-Junio-2025).- La Secretar\u00eda de Servicios P\u00fablicos contin\u00faa con intensas labores de limpieza de&#8230;<\/p>\n","protected":false},"author":1,"featured_media":163781,"comment_status":"closed","ping_status":"closed","sticky":false,"template":"","format":"standard","meta":{"footnotes":"","jetpack_publicize_message":"","jetpack_publicize_feature_enabled":true,"jetpack_social_post_already_shared":true,"jetpack_social_options":{"image_generator_settings":{"template":"highway","default_image_id":0,"font":"","enabled":false},"version":2}},"categories":[25,9],"tags":[],"class_list":["post-163772","post","type-post","status-publish","format-standard","has-post-thumbnail","hentry","category-portada","category-reynosa"],"jetpack_publicize_connections":[],"_links":{"self":[{"href":"https:\/\/www.buroperiodistico.com.mx\/index.php?rest_route=\/wp\/v2\/posts\/163772","targetHints":{"allow":["GET"]}}],"collection":[{"href":"https:\/\/www.buroperiodistico.com.mx\/index.php?rest_route=\/wp\/v2\/posts"}],"about":[{"href":"https:\/\/www.buroperiodistico.com.mx\/index.php?rest_route=\/wp\/v2\/types\/post"}],"author":[{"embeddable":true,"href":"https:\/\/www.buroperiodistico.com.mx\/index.php?rest_route=\/wp\/v2\/users\/1"}],"replies":[{"embeddable":true,"href":"https:\/\/www.buroperiodistico.com.mx\/index.php?rest_route=%2Fwp%2Fv2%2Fcomments&post=163772"}],"version-history":[{"count":0,"href":"https:\/\/www.buroperiodistico.com.mx\/index.php?rest_route=\/wp\/v2\/posts\/163772\/revisions"}],"wp:featuredmedia":[{"embeddable":true,"href":"https:\/\/www.buroperiodistico.com.mx\/index.php?rest_route=\/wp\/v2\/media\/163781"}],"wp:attachment":[{"href":"https:\/\/www.buroperiodistico.com.mx\/index.php?rest_route=%2Fwp%2Fv2%2Fmedia&parent=163772"}],"wp:term":[{"taxonomy":"category","embeddable":true,"href":"https:\/\/www.buroperiodistico.com.mx\/index.php?rest_route=%2Fwp%2Fv2%2Fcategories&post=163772"},{"taxonomy":"post_tag","embeddable":true,"href":"https:\/\/www.buroperiodistico.com.mx\/index.php?rest_route=%2Fwp%2Fv2%2Ftags&post=163772"}],"curies":[{"name":"wp","href":"https:\/\/api.w.org\/{rel}","templated":true}]}}