{"id":163766,"date":"2025-06-11T10:38:13","date_gmt":"2025-06-11T15:38:13","guid":{"rendered":"https:\/\/www.buroperiodistico.com.mx\/?p=163766"},"modified":"2025-06-11T10:38:13","modified_gmt":"2025-06-11T15:38:13","slug":"designan-a-waldo-fernandez-como-secretario-de-la-mesa-directiva-de-la-comision-permanente-en-el-senado-de-la-republica","status":"publish","type":"post","link":"https:\/\/www.buroperiodistico.com.mx\/?p=163766","title":{"rendered":"DESIGNAN A WALDO FERN\u00c1NDEZ COMO SECRETARIO DE LA MESA DIRECTIVA DE LA COMISI\u00d3N PERMANENTE EN EL SENADO DE LA REP\u00daBLICA"},"content":{"rendered":"<p><em><strong><img loading=\"lazy\" decoding=\"async\" class=\" wp-image-163768 alignright\" src=\"https:\/\/www.buroperiodistico.com.mx\/wp-content\/uploads\/2025\/06\/Waldx.jpeg\" alt=\"\" width=\"471\" height=\"287\" srcset=\"https:\/\/www.buroperiodistico.com.mx\/wp-content\/uploads\/2025\/06\/Waldx.jpeg 1024w, https:\/\/www.buroperiodistico.com.mx\/wp-content\/uploads\/2025\/06\/Waldx-300x183.jpeg 300w, https:\/\/www.buroperiodistico.com.mx\/wp-content\/uploads\/2025\/06\/Waldx-768x468.jpeg 768w\" sizes=\"auto, (max-width: 471px) 100vw, 471px\" \/>Monterrey N.L. (4 de junio de 2025).-<\/strong><\/em> El Senador Waldo Fern\u00e1ndez Gonz\u00e1lez fue designado este 4 de junio de 2025 como Secretario de la Mesa Directiva de la Comisi\u00f3n Permanente del Congreso de la Uni\u00f3n, para el Segundo Receso del Primer A\u00f1o de Ejercicio de la LXVI Legislatura.<\/p>\n<p>El Senador Waldo Fern\u00e1ndez asume esta responsabilidad con el compromiso de fortalecer los trabajos legislativos y garantizar el correcto funcionamiento de los procesos parlamentarios durante el presente receso.<\/p>\n<p>La Comisi\u00f3n Permanente tiene entre sus funciones dar seguimiento a los asuntos legislativos durante los periodos de receso del Congreso de la Uni\u00f3n, por lo que la integraci\u00f3n y operaci\u00f3n de su Mesa Directiva resulta fundamental para la continuidad del trabajo legislativo.<\/p>\n<p>Con la designaci\u00f3n de Fern\u00e1ndez, el Senador Jorge Carlos Ram\u00edrez Mar\u00edn deja de fungir como Secretario de la Mesa Directiva.<\/p>\n<p><img loading=\"lazy\" decoding=\"async\" class=\"aligncenter size-full wp-image-163767\" src=\"https:\/\/www.buroperiodistico.com.mx\/wp-content\/uploads\/2025\/06\/Waldx-I.jpeg\" alt=\"\" width=\"640\" height=\"426\" srcset=\"https:\/\/www.buroperiodistico.com.mx\/wp-content\/uploads\/2025\/06\/Waldx-I.jpeg 640w, https:\/\/www.buroperiodistico.com.mx\/wp-content\/uploads\/2025\/06\/Waldx-I-300x200.jpeg 300w\" sizes=\"auto, (max-width: 640px) 100vw, 640px\" \/><\/p>\n","protected":false},"excerpt":{"rendered":"<p>Monterrey N.L. (4 de junio de 2025).- El Senador Waldo Fern\u00e1ndez Gonz\u00e1lez fue designado este&#8230;<\/p>\n","protected":false},"author":1,"featured_media":163768,"comment_status":"closed","ping_status":"closed","sticky":false,"template":"","format":"standard","meta":{"footnotes":"","jetpack_publicize_message":"","jetpack_publicize_feature_enabled":true,"jetpack_social_post_already_shared":true,"jetpack_social_options":{"image_generator_settings":{"template":"highway","default_image_id":0,"font":"","enabled":false},"version":2}},"categories":[21],"tags":[],"class_list":["post-163766","post","type-post","status-publish","format-standard","has-post-thumbnail","hentry","category-nuevoleon"],"jetpack_publicize_connections":[],"_links":{"self":[{"href":"https:\/\/www.buroperiodistico.com.mx\/index.php?rest_route=\/wp\/v2\/posts\/163766","targetHints":{"allow":["GET"]}}],"collection":[{"href":"https:\/\/www.buroperiodistico.com.mx\/index.php?rest_route=\/wp\/v2\/posts"}],"about":[{"href":"https:\/\/www.buroperiodistico.com.mx\/index.php?rest_route=\/wp\/v2\/types\/post"}],"author":[{"embeddable":true,"href":"https:\/\/www.buroperiodistico.com.mx\/index.php?rest_route=\/wp\/v2\/users\/1"}],"replies":[{"embeddable":true,"href":"https:\/\/www.buroperiodistico.com.mx\/index.php?rest_route=%2Fwp%2Fv2%2Fcomments&post=163766"}],"version-history":[{"count":0,"href":"https:\/\/www.buroperiodistico.com.mx\/index.php?rest_route=\/wp\/v2\/posts\/163766\/revisions"}],"wp:featuredmedia":[{"embeddable":true,"href":"https:\/\/www.buroperiodistico.com.mx\/index.php?rest_route=\/wp\/v2\/media\/163768"}],"wp:attachment":[{"href":"https:\/\/www.buroperiodistico.com.mx\/index.php?rest_route=%2Fwp%2Fv2%2Fmedia&parent=163766"}],"wp:term":[{"taxonomy":"category","embeddable":true,"href":"https:\/\/www.buroperiodistico.com.mx\/index.php?rest_route=%2Fwp%2Fv2%2Fcategories&post=163766"},{"taxonomy":"post_tag","embeddable":true,"href":"https:\/\/www.buroperiodistico.com.mx\/index.php?rest_route=%2Fwp%2Fv2%2Ftags&post=163766"}],"curies":[{"name":"wp","href":"https:\/\/api.w.org\/{rel}","templated":true}]}}