{"id":163045,"date":"2025-06-05T20:25:51","date_gmt":"2025-06-06T01:25:51","guid":{"rendered":"https:\/\/www.buroperiodistico.com.mx\/?p=163045"},"modified":"2025-06-05T20:25:51","modified_gmt":"2025-06-06T01:25:51","slug":"aumenta-donacion-y-transplante-de-organos-dando-esperanza-de-vida-a-300-personas","status":"publish","type":"post","link":"https:\/\/www.buroperiodistico.com.mx\/?p=163045","title":{"rendered":"Aumenta donaci\u00f3n y transplante de \u00f3rganos dando esperanza de vida a 300 personas"},"content":{"rendered":"<ul>\n<li><strong><em>En la presente administraci\u00f3n y gracias al apoyo del gobernador Tamaulipas se coloca en el lugar n\u00famero 10 por su efectividad.<\/em><\/strong><\/li>\n<\/ul>\n<p><strong><img loading=\"lazy\" decoding=\"async\" class=\" wp-image-163047 alignright\" src=\"https:\/\/www.buroperiodistico.com.mx\/wp-content\/uploads\/2025\/06\/Donaciondeorganos.jpeg\" alt=\"\" width=\"435\" height=\"261\" srcset=\"https:\/\/www.buroperiodistico.com.mx\/wp-content\/uploads\/2025\/06\/Donaciondeorganos.jpeg 1024w, https:\/\/www.buroperiodistico.com.mx\/wp-content\/uploads\/2025\/06\/Donaciondeorganos-300x180.jpeg 300w, https:\/\/www.buroperiodistico.com.mx\/wp-content\/uploads\/2025\/06\/Donaciondeorganos-768x461.jpeg 768w\" sizes=\"auto, (max-width: 435px) 100vw, 435px\" \/>CD. VICTORIA, TAMAULIPAS (5-Junio-2025).-<\/strong> En la presente administraci\u00f3n humanista que encabeza el doctor Am\u00e9rico Villarreal Anaya, el Centro Estatal de Trasplantes increment\u00f3 la tasa de donaci\u00f3n de \u00f3rganos en Tamaulipas, lo que permiti\u00f3 dar mejor calidad de vida y esperanza a muchas personas, colocando a la entidad dentro de los primeros 10 lugares por su efectividad.<\/p>\n<p>El secretario de Salud, Vicente Joel Hern\u00e1ndez Navarro, dijo que desde el inicio de la presente administraci\u00f3n, se han beneficiado a unas 300 personas que han tenido la oportunidad de recibir un \u00f3rgano o tejido de un total de 136 donaciones que se han realizado en el estado.<\/p>\n<p>Con el firme prop\u00f3sito de lograr una mejor calidad de vida de los Tamaulipecos y colocar a las unidades hospitalarias dentro de los primeros lugares en lo que se refiere a donaci\u00f3n de \u00f3rganos y trasplantes, se\u00f1al\u00f3 que se han reactivado estos programas en algunos hospitales que nunca hab\u00edan tenido un proceso de donaci\u00f3n.<\/p>\n<p>Record\u00f3 que los procesos de donaci\u00f3n y trasplantes se han realizado en Tamaulipas desde el 2007, impulsados desde ese entonces por el gobernador Am\u00e9rico Villarreal Anaya cuando era subsecretario de Salud, y ahora, en su administraci\u00f3n todas las unidades hospitalarias del estado cuentan con la licencia para realizar este tipo de procesos m\u00e9dicos.<\/p>\n<p>\u201cSe han logrado donaciones multiorg\u00e1nicas muy significativas que incluso han salvado vidas en prioridad, como se le llama en urgencias nacionales, y actualmente a trav\u00e9s del Centro Estatal de Trasplantes, que encabeza la doctora Thelma Dragustinovis \u00c1lvarez, se mantiene de manera coordinada la compa\u00f1a permanente de concientizaci\u00f3n entre las distintas dependencias de gobierno y la Secretar\u00eda de Educaci\u00f3n, para fortalecer este programa\u201d, destac\u00f3.<\/p>\n<p>De acuerdo con la informaci\u00f3n que establece el Centro Estatal de Trasplantes, actualmente en el pa\u00eds unas 18 mil personas se encuentran en espera de un trasplante, y en Tamaulipas estos procesos se han atendido con efectividad y mayor frecuencia, lo cual da una nueva oportunidad de vida para quienes reciben el trasplante de un \u00f3rgano proveniente de seres humanos de buen coraz\u00f3n con la aprobaci\u00f3n de sus familias.<\/p>\n<p><img loading=\"lazy\" decoding=\"async\" class=\"aligncenter size-full wp-image-163046\" src=\"https:\/\/www.buroperiodistico.com.mx\/wp-content\/uploads\/2025\/06\/Donaciondeorganos-I.jpeg\" alt=\"\" width=\"640\" height=\"472\" srcset=\"https:\/\/www.buroperiodistico.com.mx\/wp-content\/uploads\/2025\/06\/Donaciondeorganos-I.jpeg 640w, https:\/\/www.buroperiodistico.com.mx\/wp-content\/uploads\/2025\/06\/Donaciondeorganos-I-300x221.jpeg 300w\" sizes=\"auto, (max-width: 640px) 100vw, 640px\" \/><\/p>\n","protected":false},"excerpt":{"rendered":"<p>En la presente administraci\u00f3n y gracias al apoyo del gobernador Tamaulipas se coloca en el&#8230;<\/p>\n","protected":false},"author":1,"featured_media":163047,"comment_status":"closed","ping_status":"closed","sticky":false,"template":"","format":"standard","meta":{"footnotes":"","jetpack_publicize_message":"","jetpack_publicize_feature_enabled":true,"jetpack_social_post_already_shared":true,"jetpack_social_options":{"image_generator_settings":{"template":"highway","default_image_id":0,"font":"","enabled":false},"version":2}},"categories":[10],"tags":[],"class_list":["post-163045","post","type-post","status-publish","format-standard","has-post-thumbnail","hentry","category-tamaulipas"],"jetpack_publicize_connections":[],"_links":{"self":[{"href":"https:\/\/www.buroperiodistico.com.mx\/index.php?rest_route=\/wp\/v2\/posts\/163045","targetHints":{"allow":["GET"]}}],"collection":[{"href":"https:\/\/www.buroperiodistico.com.mx\/index.php?rest_route=\/wp\/v2\/posts"}],"about":[{"href":"https:\/\/www.buroperiodistico.com.mx\/index.php?rest_route=\/wp\/v2\/types\/post"}],"author":[{"embeddable":true,"href":"https:\/\/www.buroperiodistico.com.mx\/index.php?rest_route=\/wp\/v2\/users\/1"}],"replies":[{"embeddable":true,"href":"https:\/\/www.buroperiodistico.com.mx\/index.php?rest_route=%2Fwp%2Fv2%2Fcomments&post=163045"}],"version-history":[{"count":0,"href":"https:\/\/www.buroperiodistico.com.mx\/index.php?rest_route=\/wp\/v2\/posts\/163045\/revisions"}],"wp:featuredmedia":[{"embeddable":true,"href":"https:\/\/www.buroperiodistico.com.mx\/index.php?rest_route=\/wp\/v2\/media\/163047"}],"wp:attachment":[{"href":"https:\/\/www.buroperiodistico.com.mx\/index.php?rest_route=%2Fwp%2Fv2%2Fmedia&parent=163045"}],"wp:term":[{"taxonomy":"category","embeddable":true,"href":"https:\/\/www.buroperiodistico.com.mx\/index.php?rest_route=%2Fwp%2Fv2%2Fcategories&post=163045"},{"taxonomy":"post_tag","embeddable":true,"href":"https:\/\/www.buroperiodistico.com.mx\/index.php?rest_route=%2Fwp%2Fv2%2Ftags&post=163045"}],"curies":[{"name":"wp","href":"https:\/\/api.w.org\/{rel}","templated":true}]}}