{"id":163042,"date":"2025-06-05T19:50:57","date_gmt":"2025-06-06T00:50:57","guid":{"rendered":"https:\/\/www.buroperiodistico.com.mx\/?p=163042"},"modified":"2025-06-05T19:50:57","modified_gmt":"2025-06-06T00:50:57","slug":"pemex-comprometido-con-el-uso-eficiente-y-responsable-del-agua-en-sus-actividades","status":"publish","type":"post","link":"https:\/\/www.buroperiodistico.com.mx\/?p=163042","title":{"rendered":"Pemex comprometido con el uso eficiente y responsable del agua en sus actividades"},"content":{"rendered":"<ul>\n<li><em><strong>La Refiner\u00eda Madero usa en sus procesos aguas negras y aguas residuales tratadas<\/strong><\/em><\/li>\n<\/ul>\n<p><em><strong><img loading=\"lazy\" decoding=\"async\" class=\" wp-image-163043 alignright\" src=\"https:\/\/www.buroperiodistico.com.mx\/wp-content\/uploads\/2025\/06\/Pemzex.jpg\" alt=\"\" width=\"491\" height=\"304\" srcset=\"https:\/\/www.buroperiodistico.com.mx\/wp-content\/uploads\/2025\/06\/Pemzex.jpg 1024w, https:\/\/www.buroperiodistico.com.mx\/wp-content\/uploads\/2025\/06\/Pemzex-300x186.jpg 300w, https:\/\/www.buroperiodistico.com.mx\/wp-content\/uploads\/2025\/06\/Pemzex-768x476.jpg 768w\" sizes=\"auto, (max-width: 491px) 100vw, 491px\" \/>Ciudad Madero, Tamaulipas (5-Junio-2025).- <\/strong><\/em>En el marco del D\u00eda Mundial del Medio Ambiente, Petr\u00f3leos Mexicanos (Pemex) ratifica su responsabilidad con el manejo adecuado y eficiente del agua en todas sus operaciones, lo que asegura que las actividades industriales no afecten la disponibilidad del vital l\u00edquido para la poblaci\u00f3n.<\/p>\n<p>En este sentido, la refiner\u00eda Madero forma parte activa de la mesa ciudadana y participa tambi\u00e9n en el sem\u00e1foro del agua; un esfuerzo que la vincula con el trabajo realizado de manera conjunta con diversos organismos y que da seguimiento a acciones y estrategias orientadas a la promoci\u00f3n del manejo adecuado del agua, en beneficio de la comunidad.<\/p>\n<p>Durante los procesos operativos de esta instalaci\u00f3n, se utilizan aguas negras tratadas, procesadas en la planta Tierra Negra, as\u00ed como en la planta de tratamiento de aguas residuales. De esta manera, Pemex asegura que el agua que se utiliza no vaya en detrimento de la disponibilidad de agua potable para la poblaci\u00f3n.<\/p>\n<p>Con estas acciones, Pemex reafirma su compromiso con el bienestar de la poblaci\u00f3n, el uso eficiente de los recursos naturales en sus instalaciones y la protecci\u00f3n del medio ambiente.<\/p>\n","protected":false},"excerpt":{"rendered":"<p>La Refiner\u00eda Madero usa en sus procesos aguas negras y aguas residuales tratadas Ciudad Madero,&#8230;<\/p>\n","protected":false},"author":1,"featured_media":163043,"comment_status":"closed","ping_status":"closed","sticky":false,"template":"","format":"standard","meta":{"footnotes":"","jetpack_publicize_message":"","jetpack_publicize_feature_enabled":true,"jetpack_social_post_already_shared":true,"jetpack_social_options":{"image_generator_settings":{"template":"highway","default_image_id":0,"font":"","enabled":false},"version":2}},"categories":[10],"tags":[],"class_list":["post-163042","post","type-post","status-publish","format-standard","has-post-thumbnail","hentry","category-tamaulipas"],"jetpack_publicize_connections":[],"_links":{"self":[{"href":"https:\/\/www.buroperiodistico.com.mx\/index.php?rest_route=\/wp\/v2\/posts\/163042","targetHints":{"allow":["GET"]}}],"collection":[{"href":"https:\/\/www.buroperiodistico.com.mx\/index.php?rest_route=\/wp\/v2\/posts"}],"about":[{"href":"https:\/\/www.buroperiodistico.com.mx\/index.php?rest_route=\/wp\/v2\/types\/post"}],"author":[{"embeddable":true,"href":"https:\/\/www.buroperiodistico.com.mx\/index.php?rest_route=\/wp\/v2\/users\/1"}],"replies":[{"embeddable":true,"href":"https:\/\/www.buroperiodistico.com.mx\/index.php?rest_route=%2Fwp%2Fv2%2Fcomments&post=163042"}],"version-history":[{"count":0,"href":"https:\/\/www.buroperiodistico.com.mx\/index.php?rest_route=\/wp\/v2\/posts\/163042\/revisions"}],"wp:featuredmedia":[{"embeddable":true,"href":"https:\/\/www.buroperiodistico.com.mx\/index.php?rest_route=\/wp\/v2\/media\/163043"}],"wp:attachment":[{"href":"https:\/\/www.buroperiodistico.com.mx\/index.php?rest_route=%2Fwp%2Fv2%2Fmedia&parent=163042"}],"wp:term":[{"taxonomy":"category","embeddable":true,"href":"https:\/\/www.buroperiodistico.com.mx\/index.php?rest_route=%2Fwp%2Fv2%2Fcategories&post=163042"},{"taxonomy":"post_tag","embeddable":true,"href":"https:\/\/www.buroperiodistico.com.mx\/index.php?rest_route=%2Fwp%2Fv2%2Ftags&post=163042"}],"curies":[{"name":"wp","href":"https:\/\/api.w.org\/{rel}","templated":true}]}}