{"id":163028,"date":"2025-06-05T19:31:11","date_gmt":"2025-06-06T00:31:11","guid":{"rendered":"https:\/\/www.buroperiodistico.com.mx\/?p=163028"},"modified":"2025-06-05T19:31:11","modified_gmt":"2025-06-06T00:31:11","slug":"fortalece-tamaulipas-la-gestion-publica-con-el-taller-cambio-transformacional-indicadores-de-transicion","status":"publish","type":"post","link":"https:\/\/www.buroperiodistico.com.mx\/?p=163028","title":{"rendered":"Fortalece Tamaulipas la gesti\u00f3n p\u00fablica con el taller \u201cCambio Transformacional: Indicadores de Transici\u00f3n\u201d"},"content":{"rendered":"<p><em><strong><img loading=\"lazy\" decoding=\"async\" class=\" wp-image-163033 alignright\" src=\"https:\/\/www.buroperiodistico.com.mx\/wp-content\/uploads\/2025\/06\/Fotax.jpeg\" alt=\"\" width=\"519\" height=\"316\" srcset=\"https:\/\/www.buroperiodistico.com.mx\/wp-content\/uploads\/2025\/06\/Fotax.jpeg 1024w, https:\/\/www.buroperiodistico.com.mx\/wp-content\/uploads\/2025\/06\/Fotax-300x183.jpeg 300w, https:\/\/www.buroperiodistico.com.mx\/wp-content\/uploads\/2025\/06\/Fotax-768x468.jpeg 768w\" sizes=\"auto, (max-width: 519px) 100vw, 519px\" \/>Ciudad Victoria, Tamaulipas (5-Junio-2025).-<\/strong><\/em> En el marco de la Semana de Evaluaci\u00f3n 2025, el Gobierno del Estado de Tamaulipas, a trav\u00e9s de la Secretar\u00eda de Finanzas, realiz\u00f3 el taller \u201cCambio Transformacional: Indicadores de Transici\u00f3n\u201d, con el objetivo de fortalecer las capacidades institucionales y promover una cultura de evaluaci\u00f3n y mejora continua en la administraci\u00f3n p\u00fablica.<\/p>\n<p>El evento fue inaugurado por Jes\u00fas Enrique Garc\u00eda Ruiz, director general de Planeaci\u00f3n Estrat\u00e9gica, en representaci\u00f3n de Jes\u00fas Lav\u00edn Ver\u00e1stegui, secretario de Finanzas. En su mensaje, destac\u00f3 que, \u201cpara el Dr. Lav\u00edn Ver\u00e1stegui es fundamental continuar con la capacitaci\u00f3n constante para lograr mejores resultados y avanzar en la transformaci\u00f3n de Tamaulipas\u201d.<\/p>\n<p>El taller abord\u00f3 herramientas clave para la identificaci\u00f3n, seguimiento y evaluaci\u00f3n de indicadores de transici\u00f3n, esenciales para medir el impacto real de las pol\u00edticas p\u00fablicas y asegurar beneficios tangibles para la ciudadan\u00eda.<\/p>\n<p>Entre los ponentes destacaron la Dra. Ver\u00f3nica Mireya Moreno Rodr\u00edguez, profesora e investigadora del Colegio de Tamaulipas, y el Mtro. Gerardo Arturo Garc\u00eda Giles, director general de Evaluare.<\/p>\n<p>Su participaci\u00f3n fortaleci\u00f3 el car\u00e1cter formativo del taller y reafirm\u00f3 el compromiso del Gobierno de Tamaulipas con la transparencia, la rendici\u00f3n de cuentas y la toma de decisiones basada en evidencia.<\/p>\n<p>La Semana de Evaluaci\u00f3n 2025 se consolida como una plataforma global que impulsa el liderazgo regional de Tamaulipas mediante pr\u00e1cticas innovadoras en gesti\u00f3n p\u00fablica, contribuyendo de manera decisiva a su proceso de transformaci\u00f3n institucional.<\/p>\n<p><img loading=\"lazy\" decoding=\"async\" class=\"aligncenter size-full wp-image-163029\" src=\"https:\/\/www.buroperiodistico.com.mx\/wp-content\/uploads\/2025\/06\/Fotax-I.jpeg\" alt=\"\" width=\"640\" height=\"426\" srcset=\"https:\/\/www.buroperiodistico.com.mx\/wp-content\/uploads\/2025\/06\/Fotax-I.jpeg 640w, https:\/\/www.buroperiodistico.com.mx\/wp-content\/uploads\/2025\/06\/Fotax-I-300x200.jpeg 300w\" sizes=\"auto, (max-width: 640px) 100vw, 640px\" \/> <img loading=\"lazy\" decoding=\"async\" class=\"aligncenter size-full wp-image-163032\" src=\"https:\/\/www.buroperiodistico.com.mx\/wp-content\/uploads\/2025\/06\/Fotax-IIII.jpeg\" alt=\"\" width=\"640\" height=\"426\" srcset=\"https:\/\/www.buroperiodistico.com.mx\/wp-content\/uploads\/2025\/06\/Fotax-IIII.jpeg 640w, https:\/\/www.buroperiodistico.com.mx\/wp-content\/uploads\/2025\/06\/Fotax-IIII-300x200.jpeg 300w\" sizes=\"auto, (max-width: 640px) 100vw, 640px\" \/> <img loading=\"lazy\" decoding=\"async\" class=\"aligncenter size-full wp-image-163031\" src=\"https:\/\/www.buroperiodistico.com.mx\/wp-content\/uploads\/2025\/06\/Fotax-III.jpeg\" alt=\"\" width=\"640\" height=\"426\" srcset=\"https:\/\/www.buroperiodistico.com.mx\/wp-content\/uploads\/2025\/06\/Fotax-III.jpeg 640w, https:\/\/www.buroperiodistico.com.mx\/wp-content\/uploads\/2025\/06\/Fotax-III-300x200.jpeg 300w\" sizes=\"auto, (max-width: 640px) 100vw, 640px\" \/> <img loading=\"lazy\" decoding=\"async\" class=\"aligncenter size-full wp-image-163030\" src=\"https:\/\/www.buroperiodistico.com.mx\/wp-content\/uploads\/2025\/06\/Fotax-II.jpeg\" alt=\"\" width=\"640\" height=\"426\" srcset=\"https:\/\/www.buroperiodistico.com.mx\/wp-content\/uploads\/2025\/06\/Fotax-II.jpeg 640w, https:\/\/www.buroperiodistico.com.mx\/wp-content\/uploads\/2025\/06\/Fotax-II-300x200.jpeg 300w\" sizes=\"auto, (max-width: 640px) 100vw, 640px\" \/><\/p>\n","protected":false},"excerpt":{"rendered":"<p>Ciudad Victoria, Tamaulipas (5-Junio-2025).- En el marco de la Semana de Evaluaci\u00f3n 2025, el Gobierno&#8230;<\/p>\n","protected":false},"author":1,"featured_media":163033,"comment_status":"closed","ping_status":"closed","sticky":false,"template":"","format":"standard","meta":{"footnotes":"","jetpack_publicize_message":"","jetpack_publicize_feature_enabled":true,"jetpack_social_post_already_shared":true,"jetpack_social_options":{"image_generator_settings":{"template":"highway","default_image_id":0,"font":"","enabled":false},"version":2}},"categories":[10],"tags":[],"class_list":["post-163028","post","type-post","status-publish","format-standard","has-post-thumbnail","hentry","category-tamaulipas"],"jetpack_publicize_connections":[],"_links":{"self":[{"href":"https:\/\/www.buroperiodistico.com.mx\/index.php?rest_route=\/wp\/v2\/posts\/163028","targetHints":{"allow":["GET"]}}],"collection":[{"href":"https:\/\/www.buroperiodistico.com.mx\/index.php?rest_route=\/wp\/v2\/posts"}],"about":[{"href":"https:\/\/www.buroperiodistico.com.mx\/index.php?rest_route=\/wp\/v2\/types\/post"}],"author":[{"embeddable":true,"href":"https:\/\/www.buroperiodistico.com.mx\/index.php?rest_route=\/wp\/v2\/users\/1"}],"replies":[{"embeddable":true,"href":"https:\/\/www.buroperiodistico.com.mx\/index.php?rest_route=%2Fwp%2Fv2%2Fcomments&post=163028"}],"version-history":[{"count":0,"href":"https:\/\/www.buroperiodistico.com.mx\/index.php?rest_route=\/wp\/v2\/posts\/163028\/revisions"}],"wp:featuredmedia":[{"embeddable":true,"href":"https:\/\/www.buroperiodistico.com.mx\/index.php?rest_route=\/wp\/v2\/media\/163033"}],"wp:attachment":[{"href":"https:\/\/www.buroperiodistico.com.mx\/index.php?rest_route=%2Fwp%2Fv2%2Fmedia&parent=163028"}],"wp:term":[{"taxonomy":"category","embeddable":true,"href":"https:\/\/www.buroperiodistico.com.mx\/index.php?rest_route=%2Fwp%2Fv2%2Fcategories&post=163028"},{"taxonomy":"post_tag","embeddable":true,"href":"https:\/\/www.buroperiodistico.com.mx\/index.php?rest_route=%2Fwp%2Fv2%2Ftags&post=163028"}],"curies":[{"name":"wp","href":"https:\/\/api.w.org\/{rel}","templated":true}]}}