{"id":163025,"date":"2025-06-05T19:22:22","date_gmt":"2025-06-06T00:22:22","guid":{"rendered":"https:\/\/www.buroperiodistico.com.mx\/?p=163025"},"modified":"2025-06-05T19:22:22","modified_gmt":"2025-06-06T00:22:22","slug":"impulsara-set-cuidado-del-agua-en-las-escuelas","status":"publish","type":"post","link":"https:\/\/www.buroperiodistico.com.mx\/?p=163025","title":{"rendered":"Impulsar\u00e1 SET cuidado del agua en las escuelas"},"content":{"rendered":"<p><em><strong><img loading=\"lazy\" decoding=\"async\" class=\" wp-image-163026 alignright\" src=\"https:\/\/www.buroperiodistico.com.mx\/wp-content\/uploads\/2025\/06\/Impulsx.jpeg\" alt=\"\" width=\"473\" height=\"287\" srcset=\"https:\/\/www.buroperiodistico.com.mx\/wp-content\/uploads\/2025\/06\/Impulsx.jpeg 1024w, https:\/\/www.buroperiodistico.com.mx\/wp-content\/uploads\/2025\/06\/Impulsx-300x182.jpeg 300w, https:\/\/www.buroperiodistico.com.mx\/wp-content\/uploads\/2025\/06\/Impulsx-768x466.jpeg 768w\" sizes=\"auto, (max-width: 473px) 100vw, 473px\" \/>Matamoros, Tamaulipas (5-Junio-2025).-<\/strong><\/em> Con el prop\u00f3sito de contribuir activamente a la conservaci\u00f3n de los recursos naturales con que cuenta el planeta, la Secretar\u00eda de Educaci\u00f3n de Tamaulipas (SET), en coordinaci\u00f3n con la Secretar\u00eda de Recursos Hidr\u00e1ulicos, organizar\u00e1 un certamen para fomentar en las escuelas el cuidado del agua, afirm\u00f3 su titular, Miguel \u00c1ngel Valdez Garc\u00eda.<\/p>\n<p>Explic\u00f3 que, de acuerdo con organismos internacionales, la media est\u00e1ndar del consumo de agua por estudiante en el mundo es de 20 litros por d\u00eda, mientras que en M\u00e9xico y en Tamaulipas se llegan a usar hasta 40 litros por alumno, por lo que es urgente evitar el desperdicio.<\/p>\n<p>\u201cVamos a hacer un concurso junto con la Secretar\u00eda de Recursos Hidr\u00e1ulicos para ver cu\u00e1nto est\u00e1n gastando y premiar a las (escuelas) que lo hacen mejor y gastan por debajo de la media, que es de 20 litros diarios por alumno\u201d, puntualiz\u00f3.<\/p>\n<p>Se\u00f1al\u00f3 que los recursos con que cuentan las dependencias encargadas del agua a nivel nacional, estatal y municipal son limitados, por ello la relevancia de que desde los planteles de todos los niveles se concientice a ni\u00f1as, ni\u00f1os, adolescentes y j\u00f3venes sobre la optimizaci\u00f3n del uso del vital l\u00edquido.<\/p>\n<p>Adem\u00e1s, Valdez Garc\u00eda refiri\u00f3 que la entidad contar\u00e1 con un fondo de alrededor de mil millones de pesos del programa federal La Escuela Es Nuestra (LEEN) y de 340 millones de pesos del Fondo de Aportaci\u00f3n M\u00faltiple (FAM), recursos que se destinan exclusivamente a la infraestructura educativa.<\/p>\n<p>\u201cApelamos a todos los directores y padres de familia para que hagan buen uso de este recurso que les llega directamente, La Escuela Es Nuestra. Aqu\u00ed en Matamoros ser\u00e1n cerca de 250 millones de pesos, y que se utilice bien, en beneficio de los j\u00f3venes\u201d, enfatiz\u00f3.<\/p>\n<p>Destac\u00f3 que, con este tipo de acciones, el Gobierno de Tamaulipas, que lidera el gobernador Am\u00e9rico Villarreal Anaya, refrenda su compromiso con el sector educativo y con hacer de la educaci\u00f3n una verdadera herramienta de desarrollo y transformaci\u00f3n en la calidad de vida de las y los tamaulipecos.<\/p>\n","protected":false},"excerpt":{"rendered":"<p>Matamoros, Tamaulipas (5-Junio-2025).- Con el prop\u00f3sito de contribuir activamente a la conservaci\u00f3n de los recursos&#8230;<\/p>\n","protected":false},"author":1,"featured_media":163026,"comment_status":"closed","ping_status":"closed","sticky":false,"template":"","format":"standard","meta":{"footnotes":"","jetpack_publicize_message":"","jetpack_publicize_feature_enabled":true,"jetpack_social_post_already_shared":true,"jetpack_social_options":{"image_generator_settings":{"template":"highway","default_image_id":0,"font":"","enabled":false},"version":2}},"categories":[10],"tags":[],"class_list":["post-163025","post","type-post","status-publish","format-standard","has-post-thumbnail","hentry","category-tamaulipas"],"jetpack_publicize_connections":[],"_links":{"self":[{"href":"https:\/\/www.buroperiodistico.com.mx\/index.php?rest_route=\/wp\/v2\/posts\/163025","targetHints":{"allow":["GET"]}}],"collection":[{"href":"https:\/\/www.buroperiodistico.com.mx\/index.php?rest_route=\/wp\/v2\/posts"}],"about":[{"href":"https:\/\/www.buroperiodistico.com.mx\/index.php?rest_route=\/wp\/v2\/types\/post"}],"author":[{"embeddable":true,"href":"https:\/\/www.buroperiodistico.com.mx\/index.php?rest_route=\/wp\/v2\/users\/1"}],"replies":[{"embeddable":true,"href":"https:\/\/www.buroperiodistico.com.mx\/index.php?rest_route=%2Fwp%2Fv2%2Fcomments&post=163025"}],"version-history":[{"count":0,"href":"https:\/\/www.buroperiodistico.com.mx\/index.php?rest_route=\/wp\/v2\/posts\/163025\/revisions"}],"wp:featuredmedia":[{"embeddable":true,"href":"https:\/\/www.buroperiodistico.com.mx\/index.php?rest_route=\/wp\/v2\/media\/163026"}],"wp:attachment":[{"href":"https:\/\/www.buroperiodistico.com.mx\/index.php?rest_route=%2Fwp%2Fv2%2Fmedia&parent=163025"}],"wp:term":[{"taxonomy":"category","embeddable":true,"href":"https:\/\/www.buroperiodistico.com.mx\/index.php?rest_route=%2Fwp%2Fv2%2Fcategories&post=163025"},{"taxonomy":"post_tag","embeddable":true,"href":"https:\/\/www.buroperiodistico.com.mx\/index.php?rest_route=%2Fwp%2Fv2%2Ftags&post=163025"}],"curies":[{"name":"wp","href":"https:\/\/api.w.org\/{rel}","templated":true}]}}