{"id":163021,"date":"2025-06-05T19:15:37","date_gmt":"2025-06-06T00:15:37","guid":{"rendered":"https:\/\/www.buroperiodistico.com.mx\/?p=163021"},"modified":"2025-06-05T19:15:37","modified_gmt":"2025-06-06T00:15:37","slug":"realiza-universidad-tecnologica-de-altamira-segunda-entrega-de-becas-alimenticias","status":"publish","type":"post","link":"https:\/\/www.buroperiodistico.com.mx\/?p=163021","title":{"rendered":"Realiza Universidad Tecnol\u00f3gica de Altamira segunda entrega de becas alimenticias"},"content":{"rendered":"<p><em><strong><img loading=\"lazy\" decoding=\"async\" class=\" wp-image-163023 alignright\" src=\"https:\/\/www.buroperiodistico.com.mx\/wp-content\/uploads\/2025\/06\/UTAx.jpeg\" alt=\"\" width=\"450\" height=\"264\" srcset=\"https:\/\/www.buroperiodistico.com.mx\/wp-content\/uploads\/2025\/06\/UTAx.jpeg 1024w, https:\/\/www.buroperiodistico.com.mx\/wp-content\/uploads\/2025\/06\/UTAx-300x176.jpeg 300w, https:\/\/www.buroperiodistico.com.mx\/wp-content\/uploads\/2025\/06\/UTAx-768x451.jpeg 768w\" sizes=\"auto, (max-width: 450px) 100vw, 450px\" \/>Altamira, Tamaulipas (5-Junio-2025).-<\/strong><\/em> Con el objetivo de brindar un apoyo directo que contribuya al bienestar y permanencia de las y los estudiantes en su carrera profesional, la Universidad Tecnol\u00f3gica de Altamira (UTALT) realiz\u00f3 la segunda entrega de becas alimenticias, inform\u00f3 su rectora, Mara Grassiel Acosta Gonz\u00e1lez.<\/p>\n<p>Record\u00f3 que hace poco m\u00e1s de un mes se instal\u00f3 el Primer Comit\u00e9 de Becas Alimenticias, efectu\u00e1ndose una primera entrega para estudiantes de las especialidades de T\u00e9cnico Superior Universitario (TSU) y de las licenciaturas beneficiados con este programa.<\/p>\n<p>Resalt\u00f3 que este programa representa una herramienta clave para las y los j\u00f3venes de los distintos programas educativos, reconociendo su esfuerzo y dedicaci\u00f3n para emprender una carrera universitaria.<\/p>\n<p>Expres\u00f3 que el proceso de selecci\u00f3n de las y los beneficiarios se llev\u00f3 a cabo con la participaci\u00f3n activa de representantes estudiantiles, docentes y directivos, garantizando transparencia, equidad y responsabilidad en cada una de las etapas.<\/p>\n<p>Agradeci\u00f3 de manera especial el respaldo que recibe la universidad, por parte del gobernador Am\u00e9rico Villarreal Anaya y del secretario de Educaci\u00f3n, Miguel \u00c1ngel Valdez Garc\u00eda, quienes impulsan pol\u00edticas p\u00fablicas que fortalecen la equidad educativa y respaldan programas que impactan directamente en el bienestar de la juventud tamaulipeca.<\/p>\n<p>Explic\u00f3 que las alumnas y los alumnos que forman parte de este programa reciben alimentos de forma gratuita en la cafeter\u00eda de la universidad, con la finalidad de brindar condiciones equitativas para el desarrollo acad\u00e9mico y personal de todas y todos los que conforman la comunidad estudiantil.<\/p>\n<p><img loading=\"lazy\" decoding=\"async\" class=\"aligncenter size-full wp-image-163022\" src=\"https:\/\/www.buroperiodistico.com.mx\/wp-content\/uploads\/2025\/06\/UTAx-I.jpeg\" alt=\"\" width=\"640\" height=\"315\" srcset=\"https:\/\/www.buroperiodistico.com.mx\/wp-content\/uploads\/2025\/06\/UTAx-I.jpeg 640w, https:\/\/www.buroperiodistico.com.mx\/wp-content\/uploads\/2025\/06\/UTAx-I-300x148.jpeg 300w\" sizes=\"auto, (max-width: 640px) 100vw, 640px\" \/><\/p>\n","protected":false},"excerpt":{"rendered":"<p>Altamira, Tamaulipas (5-Junio-2025).- Con el objetivo de brindar un apoyo directo que contribuya al bienestar&#8230;<\/p>\n","protected":false},"author":1,"featured_media":163023,"comment_status":"closed","ping_status":"closed","sticky":false,"template":"","format":"standard","meta":{"footnotes":"","jetpack_publicize_message":"","jetpack_publicize_feature_enabled":true,"jetpack_social_post_already_shared":true,"jetpack_social_options":{"image_generator_settings":{"template":"highway","default_image_id":0,"font":"","enabled":false},"version":2}},"categories":[10],"tags":[],"class_list":["post-163021","post","type-post","status-publish","format-standard","has-post-thumbnail","hentry","category-tamaulipas"],"jetpack_publicize_connections":[],"_links":{"self":[{"href":"https:\/\/www.buroperiodistico.com.mx\/index.php?rest_route=\/wp\/v2\/posts\/163021","targetHints":{"allow":["GET"]}}],"collection":[{"href":"https:\/\/www.buroperiodistico.com.mx\/index.php?rest_route=\/wp\/v2\/posts"}],"about":[{"href":"https:\/\/www.buroperiodistico.com.mx\/index.php?rest_route=\/wp\/v2\/types\/post"}],"author":[{"embeddable":true,"href":"https:\/\/www.buroperiodistico.com.mx\/index.php?rest_route=\/wp\/v2\/users\/1"}],"replies":[{"embeddable":true,"href":"https:\/\/www.buroperiodistico.com.mx\/index.php?rest_route=%2Fwp%2Fv2%2Fcomments&post=163021"}],"version-history":[{"count":0,"href":"https:\/\/www.buroperiodistico.com.mx\/index.php?rest_route=\/wp\/v2\/posts\/163021\/revisions"}],"wp:featuredmedia":[{"embeddable":true,"href":"https:\/\/www.buroperiodistico.com.mx\/index.php?rest_route=\/wp\/v2\/media\/163023"}],"wp:attachment":[{"href":"https:\/\/www.buroperiodistico.com.mx\/index.php?rest_route=%2Fwp%2Fv2%2Fmedia&parent=163021"}],"wp:term":[{"taxonomy":"category","embeddable":true,"href":"https:\/\/www.buroperiodistico.com.mx\/index.php?rest_route=%2Fwp%2Fv2%2Fcategories&post=163021"},{"taxonomy":"post_tag","embeddable":true,"href":"https:\/\/www.buroperiodistico.com.mx\/index.php?rest_route=%2Fwp%2Fv2%2Ftags&post=163021"}],"curies":[{"name":"wp","href":"https:\/\/api.w.org\/{rel}","templated":true}]}}